{"id":1346,"date":"2025-01-27T10:22:25","date_gmt":"2025-01-27T14:22:25","guid":{"rendered":"https:\/\/www.muniquirihue.cl\/2025\/?p=1346"},"modified":"2025-01-27T10:22:26","modified_gmt":"2025-01-27T14:22:26","slug":"inauguracion-de-la-xxii-feria-agropecuaria-y-artesanal-de-quirihue","status":"publish","type":"post","link":"https:\/\/www.muniquirihue.cl\/2025\/inauguracion-de-la-xxii-feria-agropecuaria-y-artesanal-de-quirihue\/","title":{"rendered":"INAUGURACI\u00d3N DE LA XXII FERIA AGROPECUARIA Y ARTESANAL DE QUIRIHUE"},"content":{"rendered":"\n<figure class=\"wp-block-image size-large\"><img loading=\"lazy\" decoding=\"async\" width=\"768\" height=\"1024\" src=\"https:\/\/www.muniquirihue.cl\/2025\/wp-content\/uploads\/2025\/01\/20250124_121043-768x1024.jpg\" alt=\"\" class=\"wp-image-1347\" srcset=\"https:\/\/www.muniquirihue.cl\/2025\/wp-content\/uploads\/2025\/01\/20250124_121043-768x1024.jpg 768w, https:\/\/www.muniquirihue.cl\/2025\/wp-content\/uploads\/2025\/01\/20250124_121043-225x300.jpg 225w, https:\/\/www.muniquirihue.cl\/2025\/wp-content\/uploads\/2025\/01\/20250124_121043-1152x1536.jpg 1152w, https:\/\/www.muniquirihue.cl\/2025\/wp-content\/uploads\/2025\/01\/20250124_121043-1536x2048.jpg 1536w, https:\/\/www.muniquirihue.cl\/2025\/wp-content\/uploads\/2025\/01\/20250124_121043-scaled.jpg 1920w\" sizes=\"auto, (max-width: 768px) 100vw, 768px\" \/><\/figure>\n\n\n\n<p>Hoy, La Ilustre Municipalidad de Quirihue, a trav\u00e9s de su alcalde Eduardo Redlich Mardones, junto a los concejales Ra\u00fal Penela, Richard Irribarra, Joel Andrades, Mar\u00eda Placencia y Ram\u00f3n Orellana, los consejeros regionales Wilson Ponce y Dalivor Franulic, el director regional de CONAF, personal de INDAP, emprendedores y p\u00fablico en general, dieron inicio a esta importante feria que enaltece nuestras ra\u00edces y fortalece la econom\u00eda local.<\/p>\n\n\n\n<p>\u00bfQu\u00e9 encontrar\u00e1s en la Feria?<br>\ud83c\udf31 M\u00e1s de 30 Stands de agricultores provenientes de Quirihue, Ninhue, Trehuaco, Portezuelo y Cobquecura, ofreciendo:<br>Productos frescos del campo y hortalizas.<br>Artesan\u00edas \u00fanicas de la zona.<br>Comidas t\u00edpicas como humitas, pastel de choclo, empanadas y mucho m\u00e1s.<\/p>\n\n\n\n<p>\ud83d\ude9c 4 Stands de maquinaria y herramientas agr\u00edcolas, con equipos como:<br>Motocultivadores, molinos de martillo y motosierras.<br>Tijeras el\u00e9ctricas, motobombas y accesorios de riego.<br>Desbrozadoras, fumigadoras y otros implementos esenciales para el agro.<\/p>\n\n\n\n<p>\ud83d\udccb Stands informativos de INDAP e SAG, brindando asesor\u00eda y apoyo a nuestros agricultores.<br>\u00a1Una invitaci\u00f3n a celebrar nuestras tradiciones!<br>Ven a disfrutar de esta feria que re\u00fane lo mejor del campo, la artesan\u00eda y la gastronom\u00eda local. Es un espacio para compartir, aprender y celebrar juntos nuestras ra\u00edces.<\/p>\n\n\n\n<p>\ud83d\udccd Te esperamos en la Plaza de Armas de Quirihue.<br>\ud83c\udf89 \u00a1Celebremos lo nuestro!<\/p>\n\n\n\n<p><a href=\"https:\/\/www.instagram.com\/explore\/tags\/feriaagropecuaria\/\">#FeriaAgropecuaria<\/a><br><a href=\"https:\/\/www.instagram.com\/explore\/tags\/tradici%C3%B3nycultura\/\">#Tradici\u00f3nYCultura<\/a><br><a href=\"https:\/\/www.instagram.com\/explore\/tags\/quirihue276a%C3%B1os\/\">#Quirihue276A\u00f1os<\/a><\/p>\n","protected":false},"excerpt":{"rendered":"<p>Hoy, La Ilustre Municipalidad de Quirihue, a trav\u00e9s de su alcalde Eduardo Redlich Mardones, junto a los concejales Ra\u00fal Penela, Richard Irribarra, Joel Andrades, Mar\u00eda Placencia y Ram\u00f3n Orellana, los consejeros regionales Wilson Ponce y Dalivor Franulic, el director regional de CONAF, personal de INDAP, emprendedores y p\u00fablico en general, dieron inicio a esta importante&#8230;<\/p>\n","protected":false},"author":3,"featured_media":1347,"comment_status":"closed","ping_status":"closed","sticky":false,"template":"","format":"standard","meta":{"_kadence_starter_templates_imported_post":false,"_kad_post_transparent":"","_kad_post_title":"","_kad_post_layout":"","_kad_post_sidebar_id":"","_kad_post_content_style":"","_kad_post_vertical_padding":"","_kad_post_feature":"","_kad_post_feature_position":"","_kad_post_header":false,"_kad_post_footer":false,"footnotes":""},"categories":[2],"tags":[],"class_list":["post-1346","post","type-post","status-publish","format-standard","has-post-thumbnail","hentry","category-noticias"],"_links":{"self":[{"href":"https:\/\/www.muniquirihue.cl\/2025\/wp-json\/wp\/v2\/posts\/1346","targetHints":{"allow":["GET"]}}],"collection":[{"href":"https:\/\/www.muniquirihue.cl\/2025\/wp-json\/wp\/v2\/posts"}],"about":[{"href":"https:\/\/www.muniquirihue.cl\/2025\/wp-json\/wp\/v2\/types\/post"}],"author":[{"embeddable":true,"href":"https:\/\/www.muniquirihue.cl\/2025\/wp-json\/wp\/v2\/users\/3"}],"replies":[{"embeddable":true,"href":"https:\/\/www.muniquirihue.cl\/2025\/wp-json\/wp\/v2\/comments?post=1346"}],"version-history":[{"count":1,"href":"https:\/\/www.muniquirihue.cl\/2025\/wp-json\/wp\/v2\/posts\/1346\/revisions"}],"predecessor-version":[{"id":1348,"href":"https:\/\/www.muniquirihue.cl\/2025\/wp-json\/wp\/v2\/posts\/1346\/revisions\/1348"}],"wp:featuredmedia":[{"embeddable":true,"href":"https:\/\/www.muniquirihue.cl\/2025\/wp-json\/wp\/v2\/media\/1347"}],"wp:attachment":[{"href":"https:\/\/www.muniquirihue.cl\/2025\/wp-json\/wp\/v2\/media?parent=1346"}],"wp:term":[{"taxonomy":"category","embeddable":true,"href":"https:\/\/www.muniquirihue.cl\/2025\/wp-json\/wp\/v2\/categories?post=1346"},{"taxonomy":"post_tag","embeddable":true,"href":"https:\/\/www.muniquirihue.cl\/2025\/wp-json\/wp\/v2\/tags?post=1346"}],"curies":[{"name":"wp","href":"https:\/\/api.w.org\/{rel}","templated":true}]}}