{"id":1469,"date":"2025-01-30T13:04:00","date_gmt":"2025-01-30T17:04:00","guid":{"rendered":"https:\/\/www.muniquirihue.cl\/2025\/?p=1469"},"modified":"2025-02-02T13:12:40","modified_gmt":"2025-02-02T17:12:40","slug":"veranea-con-injuv-nuble-una-jornada-para-la-juventud-en-la-plaza-de-armas","status":"publish","type":"post","link":"https:\/\/www.muniquirihue.cl\/2025\/veranea-con-injuv-nuble-una-jornada-para-la-juventud-en-la-plaza-de-armas\/","title":{"rendered":"Veranea con INJUV \u00d1uble: Una Jornada para la Juventud en la Plaza de Armas"},"content":{"rendered":"\n<h1 class=\"wp-block-heading\"><\/h1>\n\n\n\n<figure class=\"wp-block-image size-large\"><img loading=\"lazy\" decoding=\"async\" width=\"768\" height=\"1024\" src=\"https:\/\/www.muniquirihue.cl\/2025\/wp-content\/uploads\/2025\/02\/20250130_164355-768x1024.jpg\" alt=\"\" class=\"wp-image-1493\" srcset=\"https:\/\/www.muniquirihue.cl\/2025\/wp-content\/uploads\/2025\/02\/20250130_164355-768x1024.jpg 768w, https:\/\/www.muniquirihue.cl\/2025\/wp-content\/uploads\/2025\/02\/20250130_164355-225x300.jpg 225w, https:\/\/www.muniquirihue.cl\/2025\/wp-content\/uploads\/2025\/02\/20250130_164355-1152x1536.jpg 1152w, https:\/\/www.muniquirihue.cl\/2025\/wp-content\/uploads\/2025\/02\/20250130_164355-1536x2048.jpg 1536w, https:\/\/www.muniquirihue.cl\/2025\/wp-content\/uploads\/2025\/02\/20250130_164355-scaled.jpg 1920w\" sizes=\"auto, (max-width: 768px) 100vw, 768px\" \/><\/figure>\n\n\n\n<p>Esta semana, INJUV \u00d1uble llev\u00f3 a cabo una exitosa jornada en la Plaza de Armas de Quirihue, en el marco de su iniciativa <em>Veranea con INJUV \u00d1uble<\/em>. Durante el evento, j\u00f3venes de la comuna pudieron disfrutar de diversas actividades gratuitas, tales como manicura, cortes de pelo, yoga al aire libre y charlas sobre la prevenci\u00f3n de la violencia en el pololeo, entre otras.<\/p>\n\n\n\n<p>Adem\u00e1s, el <strong>Centro de Estudios San Andr\u00e9s<\/strong> estuvo presente, informando a los asistentes sobre los cursos y oficios que ofrece, brindando oportunidades educativas para el desarrollo de los j\u00f3venes.<\/p>\n\n\n\n<p>El evento cont\u00f3 con la participaci\u00f3n de importantes autoridades locales, entre ellas el alcalde de Quirihue, el encargado de la Oficina de la Juventud y la directora regional de INJUV \u00d1uble, quienes destacaron la relevancia de estas iniciativas para el bienestar y crecimiento de la juventud en la comuna.<\/p>\n\n\n\n<p>Con actividades recreativas, educativas y de autocuidado, <em>Veranea con INJUV \u00d1uble<\/em> reafirma su compromiso con la juventud, generando espacios de encuentro y aprendizaje durante la temporada estival.<\/p>\n","protected":false},"excerpt":{"rendered":"<p>Esta semana, INJUV \u00d1uble llev\u00f3 a cabo una exitosa jornada en la Plaza de Armas de Quirihue, en el marco de su iniciativa Veranea con INJUV \u00d1uble. Durante el evento, j\u00f3venes de la comuna pudieron disfrutar de diversas actividades gratuitas, tales como manicura, cortes de pelo, yoga al aire libre y charlas sobre la prevenci\u00f3n&#8230;<\/p>\n","protected":false},"author":3,"featured_media":1493,"comment_status":"closed","ping_status":"closed","sticky":false,"template":"","format":"standard","meta":{"_kadence_starter_templates_imported_post":false,"_kad_post_transparent":"","_kad_post_title":"","_kad_post_layout":"","_kad_post_sidebar_id":"","_kad_post_content_style":"","_kad_post_vertical_padding":"","_kad_post_feature":"","_kad_post_feature_position":"","_kad_post_header":false,"_kad_post_footer":false,"footnotes":""},"categories":[2],"tags":[],"class_list":["post-1469","post","type-post","status-publish","format-standard","has-post-thumbnail","hentry","category-noticias"],"_links":{"self":[{"href":"https:\/\/www.muniquirihue.cl\/2025\/wp-json\/wp\/v2\/posts\/1469","targetHints":{"allow":["GET"]}}],"collection":[{"href":"https:\/\/www.muniquirihue.cl\/2025\/wp-json\/wp\/v2\/posts"}],"about":[{"href":"https:\/\/www.muniquirihue.cl\/2025\/wp-json\/wp\/v2\/types\/post"}],"author":[{"embeddable":true,"href":"https:\/\/www.muniquirihue.cl\/2025\/wp-json\/wp\/v2\/users\/3"}],"replies":[{"embeddable":true,"href":"https:\/\/www.muniquirihue.cl\/2025\/wp-json\/wp\/v2\/comments?post=1469"}],"version-history":[{"count":1,"href":"https:\/\/www.muniquirihue.cl\/2025\/wp-json\/wp\/v2\/posts\/1469\/revisions"}],"predecessor-version":[{"id":1494,"href":"https:\/\/www.muniquirihue.cl\/2025\/wp-json\/wp\/v2\/posts\/1469\/revisions\/1494"}],"wp:featuredmedia":[{"embeddable":true,"href":"https:\/\/www.muniquirihue.cl\/2025\/wp-json\/wp\/v2\/media\/1493"}],"wp:attachment":[{"href":"https:\/\/www.muniquirihue.cl\/2025\/wp-json\/wp\/v2\/media?parent=1469"}],"wp:term":[{"taxonomy":"category","embeddable":true,"href":"https:\/\/www.muniquirihue.cl\/2025\/wp-json\/wp\/v2\/categories?post=1469"},{"taxonomy":"post_tag","embeddable":true,"href":"https:\/\/www.muniquirihue.cl\/2025\/wp-json\/wp\/v2\/tags?post=1469"}],"curies":[{"name":"wp","href":"https:\/\/api.w.org\/{rel}","templated":true}]}}