{"id":1872,"date":"2025-02-21T13:58:46","date_gmt":"2025-02-21T17:58:46","guid":{"rendered":"https:\/\/www.muniquirihue.cl\/2025\/?p=1872"},"modified":"2025-03-04T14:01:29","modified_gmt":"2025-03-04T18:01:29","slug":"reunion-entre-senda-previene-y-bomberos-de-la-primera-compania-de-bomberos","status":"publish","type":"post","link":"https:\/\/www.muniquirihue.cl\/2025\/reunion-entre-senda-previene-y-bomberos-de-la-primera-compania-de-bomberos\/","title":{"rendered":"Reuni\u00f3n entre Senda Previene y Bomberos de la Primera Compa\u00f1\u00eda de Bomberos"},"content":{"rendered":"\n<figure class=\"wp-block-image size-large\"><img loading=\"lazy\" decoding=\"async\" width=\"1024\" height=\"1024\" src=\"https:\/\/www.muniquirihue.cl\/2025\/wp-content\/uploads\/2025\/03\/480902195_17861626539357590_694189675748250062_n-1024x1024.jpg\" alt=\"\" class=\"wp-image-1873\" srcset=\"https:\/\/www.muniquirihue.cl\/2025\/wp-content\/uploads\/2025\/03\/480902195_17861626539357590_694189675748250062_n-1024x1024.jpg 1024w, https:\/\/www.muniquirihue.cl\/2025\/wp-content\/uploads\/2025\/03\/480902195_17861626539357590_694189675748250062_n-300x300.jpg 300w, https:\/\/www.muniquirihue.cl\/2025\/wp-content\/uploads\/2025\/03\/480902195_17861626539357590_694189675748250062_n-150x150.jpg 150w, https:\/\/www.muniquirihue.cl\/2025\/wp-content\/uploads\/2025\/03\/480902195_17861626539357590_694189675748250062_n-768x768.jpg 768w, https:\/\/www.muniquirihue.cl\/2025\/wp-content\/uploads\/2025\/03\/480902195_17861626539357590_694189675748250062_n.jpg 1440w\" sizes=\"auto, (max-width: 1024px) 100vw, 1024px\" \/><\/figure>\n\n\n\n<p><img loading=\"lazy\" decoding=\"async\" height=\"16\" width=\"16\" alt=\"\ud83d\udccc\" src=\"https:\/\/static.xx.fbcdn.net\/images\/emoji.php\/v9\/tac\/1\/16\/1f4cc.png\">Equipo Senda realiza reuni\u00f3n con representantes de la 1\u00b0 Compa\u00f1\u00eda de Bomberos de la comuna de Quirihue, el objetivo de la reuni\u00f3n es proponer la implementacion del programa Estrategia de Habilidades Preventivas Parentales, aceptando la implementaci\u00f3n, mostrando compromiso en instaurar una cultura preventiva en su instituci\u00f3n.<\/p>\n\n\n\n<p><img loading=\"lazy\" decoding=\"async\" height=\"16\" width=\"16\" alt=\"\ud83d\udd34\" src=\"https:\/\/static.xx.fbcdn.net\/images\/emoji.php\/v9\/t6e\/1\/16\/1f534.png\">El Programa busca fortalecer el desarrollo de habilidades Parentales, entendidas como las capacidades pr\u00e1cticas que tienen padres, madres y adultos <a><\/a>significativos para cuidar, proteger y educar a sus hijos, asegur\u00e1ndose un desarrollo suficientemente sano, que son factores protectores del consumo de drogas y alcohol, algunas de las tem\u00e1ticas que se abordar\u00e1n son:<\/p>\n\n\n\n<p><img loading=\"lazy\" decoding=\"async\" height=\"16\" width=\"16\" alt=\"\u2705\" src=\"https:\/\/static.xx.fbcdn.net\/images\/emoji.php\/v9\/t33\/1\/16\/2705.png\"> Resoluci\u00f3n de conflictos<\/p>\n\n\n\n<p><img loading=\"lazy\" decoding=\"async\" height=\"16\" width=\"16\" alt=\"\u2705\" src=\"https:\/\/static.xx.fbcdn.net\/images\/emoji.php\/v9\/t33\/1\/16\/2705.png\">Normas y l\u00edmites<\/p>\n\n\n\n<p><img loading=\"lazy\" decoding=\"async\" height=\"16\" width=\"16\" alt=\"\u2705\" src=\"https:\/\/static.xx.fbcdn.net\/images\/emoji.php\/v9\/t33\/1\/16\/2705.png\">Comunicaci\u00f3n asertiva<\/p>\n\n\n\n<p><img loading=\"lazy\" decoding=\"async\" height=\"16\" width=\"16\" alt=\"\u2705\" src=\"https:\/\/static.xx.fbcdn.net\/images\/emoji.php\/v9\/t33\/1\/16\/2705.png\">Afectividad<\/p>\n\n\n\n<p><img loading=\"lazy\" decoding=\"async\" height=\"16\" width=\"16\" alt=\"\ud83d\udd34\" src=\"https:\/\/static.xx.fbcdn.net\/images\/emoji.php\/v9\/t6e\/1\/16\/1f534.png\"> Finalmente uno de los aspectos fundamentales de los Talleres de Habilidades Preventivas Parentales, es capacitar a dos encargados de la institucion como facilitadores para r\u00e9plicar el contenido al resto de los voluntarios.<\/p>\n","protected":false},"excerpt":{"rendered":"<p>Equipo Senda realiza reuni\u00f3n con representantes de la 1\u00b0 Compa\u00f1\u00eda de Bomberos de la comuna de Quirihue, el objetivo de la reuni\u00f3n es proponer la implementacion del programa Estrategia de Habilidades Preventivas Parentales, aceptando la implementaci\u00f3n, mostrando compromiso en instaurar una cultura preventiva en su instituci\u00f3n. El Programa busca fortalecer el desarrollo de habilidades Parentales,&#8230;<\/p>\n","protected":false},"author":3,"featured_media":1873,"comment_status":"closed","ping_status":"closed","sticky":false,"template":"","format":"standard","meta":{"_kadence_starter_templates_imported_post":false,"_kad_post_transparent":"","_kad_post_title":"","_kad_post_layout":"","_kad_post_sidebar_id":"","_kad_post_content_style":"","_kad_post_vertical_padding":"","_kad_post_feature":"","_kad_post_feature_position":"","_kad_post_header":false,"_kad_post_footer":false,"footnotes":""},"categories":[2],"tags":[],"class_list":["post-1872","post","type-post","status-publish","format-standard","has-post-thumbnail","hentry","category-noticias"],"_links":{"self":[{"href":"https:\/\/www.muniquirihue.cl\/2025\/wp-json\/wp\/v2\/posts\/1872","targetHints":{"allow":["GET"]}}],"collection":[{"href":"https:\/\/www.muniquirihue.cl\/2025\/wp-json\/wp\/v2\/posts"}],"about":[{"href":"https:\/\/www.muniquirihue.cl\/2025\/wp-json\/wp\/v2\/types\/post"}],"author":[{"embeddable":true,"href":"https:\/\/www.muniquirihue.cl\/2025\/wp-json\/wp\/v2\/users\/3"}],"replies":[{"embeddable":true,"href":"https:\/\/www.muniquirihue.cl\/2025\/wp-json\/wp\/v2\/comments?post=1872"}],"version-history":[{"count":1,"href":"https:\/\/www.muniquirihue.cl\/2025\/wp-json\/wp\/v2\/posts\/1872\/revisions"}],"predecessor-version":[{"id":1874,"href":"https:\/\/www.muniquirihue.cl\/2025\/wp-json\/wp\/v2\/posts\/1872\/revisions\/1874"}],"wp:featuredmedia":[{"embeddable":true,"href":"https:\/\/www.muniquirihue.cl\/2025\/wp-json\/wp\/v2\/media\/1873"}],"wp:attachment":[{"href":"https:\/\/www.muniquirihue.cl\/2025\/wp-json\/wp\/v2\/media?parent=1872"}],"wp:term":[{"taxonomy":"category","embeddable":true,"href":"https:\/\/www.muniquirihue.cl\/2025\/wp-json\/wp\/v2\/categories?post=1872"},{"taxonomy":"post_tag","embeddable":true,"href":"https:\/\/www.muniquirihue.cl\/2025\/wp-json\/wp\/v2\/tags?post=1872"}],"curies":[{"name":"wp","href":"https:\/\/api.w.org\/{rel}","templated":true}]}}