{"id":1875,"date":"2025-02-24T14:01:38","date_gmt":"2025-02-24T18:01:38","guid":{"rendered":"https:\/\/www.muniquirihue.cl\/2025\/?p=1875"},"modified":"2025-03-04T14:04:33","modified_gmt":"2025-03-04T18:04:33","slug":"nuevo-servicio-de-recoleccion-de-basura-en-alameda-arturo-prat","status":"publish","type":"post","link":"https:\/\/www.muniquirihue.cl\/2025\/nuevo-servicio-de-recoleccion-de-basura-en-alameda-arturo-prat\/","title":{"rendered":"NUEVO SERVICIO DE RECOLECCI\u00d3N DE BASURA EN ALAMEDA ARTURO PRAT"},"content":{"rendered":"\n<figure class=\"wp-block-image size-large\"><img loading=\"lazy\" decoding=\"async\" width=\"819\" height=\"1024\" src=\"https:\/\/www.muniquirihue.cl\/2025\/wp-content\/uploads\/2025\/03\/campeonato-13-819x1024.png\" alt=\"\" class=\"wp-image-1876\" srcset=\"https:\/\/www.muniquirihue.cl\/2025\/wp-content\/uploads\/2025\/03\/campeonato-13-819x1024.png 819w, https:\/\/www.muniquirihue.cl\/2025\/wp-content\/uploads\/2025\/03\/campeonato-13-240x300.png 240w, https:\/\/www.muniquirihue.cl\/2025\/wp-content\/uploads\/2025\/03\/campeonato-13-768x960.png 768w, https:\/\/www.muniquirihue.cl\/2025\/wp-content\/uploads\/2025\/03\/campeonato-13-1229x1536.png 1229w, https:\/\/www.muniquirihue.cl\/2025\/wp-content\/uploads\/2025\/03\/campeonato-13.png 1620w\" sizes=\"auto, (max-width: 819px) 100vw, 819px\" \/><\/figure>\n\n\n\n<p>La Ilustre Municipalidad de Quirihue informa a la comunidad que a partir de ahora se implementar\u00e1 un nuevo horario para la recolecci\u00f3n de basura en Alameda Arturo Prat, el cual se realizar\u00e1 de lunes a viernes a partir de las 19:00 horas.<\/p>\n\n\n\n<p>Asimismo, hacemos un llamado a todos los vecinos y vecinas a no utilizar los basureros p\u00fablicos como puntos de acopio o microbasurales. Es responsabilidad de todos mantener el orden y la limpieza de nuestra ciudad.<\/p>\n\n\n\n<p>\u00a1Colaboremos juntos por un Quirihue m\u00e1s limpio y ordenado!<\/p>\n","protected":false},"excerpt":{"rendered":"<p>La Ilustre Municipalidad de Quirihue informa a la comunidad que a partir de ahora se implementar\u00e1 un nuevo horario para la recolecci\u00f3n de basura en Alameda Arturo Prat, el cual se realizar\u00e1 de lunes a viernes a partir de las 19:00 horas. Asimismo, hacemos un llamado a todos los vecinos y vecinas a no utilizar&#8230;<\/p>\n","protected":false},"author":3,"featured_media":1876,"comment_status":"closed","ping_status":"closed","sticky":false,"template":"","format":"standard","meta":{"_kadence_starter_templates_imported_post":false,"_kad_post_transparent":"","_kad_post_title":"","_kad_post_layout":"","_kad_post_sidebar_id":"","_kad_post_content_style":"","_kad_post_vertical_padding":"","_kad_post_feature":"","_kad_post_feature_position":"","_kad_post_header":false,"_kad_post_footer":false,"footnotes":""},"categories":[2],"tags":[],"class_list":["post-1875","post","type-post","status-publish","format-standard","has-post-thumbnail","hentry","category-noticias"],"_links":{"self":[{"href":"https:\/\/www.muniquirihue.cl\/2025\/wp-json\/wp\/v2\/posts\/1875","targetHints":{"allow":["GET"]}}],"collection":[{"href":"https:\/\/www.muniquirihue.cl\/2025\/wp-json\/wp\/v2\/posts"}],"about":[{"href":"https:\/\/www.muniquirihue.cl\/2025\/wp-json\/wp\/v2\/types\/post"}],"author":[{"embeddable":true,"href":"https:\/\/www.muniquirihue.cl\/2025\/wp-json\/wp\/v2\/users\/3"}],"replies":[{"embeddable":true,"href":"https:\/\/www.muniquirihue.cl\/2025\/wp-json\/wp\/v2\/comments?post=1875"}],"version-history":[{"count":1,"href":"https:\/\/www.muniquirihue.cl\/2025\/wp-json\/wp\/v2\/posts\/1875\/revisions"}],"predecessor-version":[{"id":1877,"href":"https:\/\/www.muniquirihue.cl\/2025\/wp-json\/wp\/v2\/posts\/1875\/revisions\/1877"}],"wp:featuredmedia":[{"embeddable":true,"href":"https:\/\/www.muniquirihue.cl\/2025\/wp-json\/wp\/v2\/media\/1876"}],"wp:attachment":[{"href":"https:\/\/www.muniquirihue.cl\/2025\/wp-json\/wp\/v2\/media?parent=1875"}],"wp:term":[{"taxonomy":"category","embeddable":true,"href":"https:\/\/www.muniquirihue.cl\/2025\/wp-json\/wp\/v2\/categories?post=1875"},{"taxonomy":"post_tag","embeddable":true,"href":"https:\/\/www.muniquirihue.cl\/2025\/wp-json\/wp\/v2\/tags?post=1875"}],"curies":[{"name":"wp","href":"https:\/\/api.w.org\/{rel}","templated":true}]}}