{"id":1905,"date":"2025-03-04T16:31:35","date_gmt":"2025-03-04T20:31:35","guid":{"rendered":"https:\/\/www.muniquirihue.cl\/2025\/?p=1905"},"modified":"2025-03-04T16:31:36","modified_gmt":"2025-03-04T20:31:36","slug":"reunion-con-injuv-para-la-postulacion-de-quirihue-al-programa-compromiso-joven-2025","status":"publish","type":"post","link":"https:\/\/www.muniquirihue.cl\/2025\/reunion-con-injuv-para-la-postulacion-de-quirihue-al-programa-compromiso-joven-2025\/","title":{"rendered":"Reuni\u00f3n con INJUV para la postulaci\u00f3n de Quirihue al programa &#8220;Compromiso Joven 2025&#8221;"},"content":{"rendered":"\n<figure class=\"wp-block-image size-large\"><img loading=\"lazy\" decoding=\"async\" width=\"1024\" height=\"768\" src=\"https:\/\/www.muniquirihue.cl\/2025\/wp-content\/uploads\/2025\/03\/WhatsApp-Image-2025-03-04-at-5.30.27-PM-1024x768.jpeg\" alt=\"\" class=\"wp-image-1906\" srcset=\"https:\/\/www.muniquirihue.cl\/2025\/wp-content\/uploads\/2025\/03\/WhatsApp-Image-2025-03-04-at-5.30.27-PM-1024x768.jpeg 1024w, https:\/\/www.muniquirihue.cl\/2025\/wp-content\/uploads\/2025\/03\/WhatsApp-Image-2025-03-04-at-5.30.27-PM-300x225.jpeg 300w, https:\/\/www.muniquirihue.cl\/2025\/wp-content\/uploads\/2025\/03\/WhatsApp-Image-2025-03-04-at-5.30.27-PM-768x576.jpeg 768w, https:\/\/www.muniquirihue.cl\/2025\/wp-content\/uploads\/2025\/03\/WhatsApp-Image-2025-03-04-at-5.30.27-PM.jpeg 1280w\" sizes=\"auto, (max-width: 1024px) 100vw, 1024px\" \/><\/figure>\n\n\n\n<p>El Alcalde de Quirihue, Eduardo Redlich, sostuvo una reuni\u00f3n con la Directora Regional de INJUV \u00d1uble, Mar\u00eda Fernanda Rojas, con el objetivo de conocer y coordinar la postulaci\u00f3n de la comuna al programa &#8220;Compromiso Joven 2025&#8221;.<\/p>\n\n\n\n<p>Este programa busca fomentar la participaci\u00f3n y desarrollo de la juventud, promoviendo instancias de liderazgo, formaci\u00f3n y compromiso social. Quirihue se perfila como una de las pocas comunas en la regi\u00f3n de \u00d1uble en gestionar su incorporaci\u00f3n a esta iniciativa, reafirmando su compromiso con la juventud y su protagonismo en el desarrollo local.<\/p>\n","protected":false},"excerpt":{"rendered":"<p>El Alcalde de Quirihue, Eduardo Redlich, sostuvo una reuni\u00f3n con la Directora Regional de INJUV \u00d1uble, Mar\u00eda Fernanda Rojas, con el objetivo de conocer y coordinar la postulaci\u00f3n de la comuna al programa &#8220;Compromiso Joven 2025&#8221;. Este programa busca fomentar la participaci\u00f3n y desarrollo de la juventud, promoviendo instancias de liderazgo, formaci\u00f3n y compromiso social&#8230;.<\/p>\n","protected":false},"author":3,"featured_media":1906,"comment_status":"closed","ping_status":"closed","sticky":false,"template":"","format":"standard","meta":{"_kadence_starter_templates_imported_post":false,"_kad_post_transparent":"","_kad_post_title":"","_kad_post_layout":"","_kad_post_sidebar_id":"","_kad_post_content_style":"","_kad_post_vertical_padding":"","_kad_post_feature":"","_kad_post_feature_position":"","_kad_post_header":false,"_kad_post_footer":false,"footnotes":""},"categories":[2],"tags":[],"class_list":["post-1905","post","type-post","status-publish","format-standard","has-post-thumbnail","hentry","category-noticias"],"_links":{"self":[{"href":"https:\/\/www.muniquirihue.cl\/2025\/wp-json\/wp\/v2\/posts\/1905","targetHints":{"allow":["GET"]}}],"collection":[{"href":"https:\/\/www.muniquirihue.cl\/2025\/wp-json\/wp\/v2\/posts"}],"about":[{"href":"https:\/\/www.muniquirihue.cl\/2025\/wp-json\/wp\/v2\/types\/post"}],"author":[{"embeddable":true,"href":"https:\/\/www.muniquirihue.cl\/2025\/wp-json\/wp\/v2\/users\/3"}],"replies":[{"embeddable":true,"href":"https:\/\/www.muniquirihue.cl\/2025\/wp-json\/wp\/v2\/comments?post=1905"}],"version-history":[{"count":1,"href":"https:\/\/www.muniquirihue.cl\/2025\/wp-json\/wp\/v2\/posts\/1905\/revisions"}],"predecessor-version":[{"id":1907,"href":"https:\/\/www.muniquirihue.cl\/2025\/wp-json\/wp\/v2\/posts\/1905\/revisions\/1907"}],"wp:featuredmedia":[{"embeddable":true,"href":"https:\/\/www.muniquirihue.cl\/2025\/wp-json\/wp\/v2\/media\/1906"}],"wp:attachment":[{"href":"https:\/\/www.muniquirihue.cl\/2025\/wp-json\/wp\/v2\/media?parent=1905"}],"wp:term":[{"taxonomy":"category","embeddable":true,"href":"https:\/\/www.muniquirihue.cl\/2025\/wp-json\/wp\/v2\/categories?post=1905"},{"taxonomy":"post_tag","embeddable":true,"href":"https:\/\/www.muniquirihue.cl\/2025\/wp-json\/wp\/v2\/tags?post=1905"}],"curies":[{"name":"wp","href":"https:\/\/api.w.org\/{rel}","templated":true}]}}