{"id":2063,"date":"2025-04-03T15:17:43","date_gmt":"2025-04-03T19:17:43","guid":{"rendered":"https:\/\/www.muniquirihue.cl\/2025\/?p=2063"},"modified":"2025-04-07T15:18:51","modified_gmt":"2025-04-07T19:18:51","slug":"conversatorio-sobre-inclusion-y-la-ley-tea-en-la-region-de-nuble","status":"publish","type":"post","link":"https:\/\/www.muniquirihue.cl\/2025\/conversatorio-sobre-inclusion-y-la-ley-tea-en-la-region-de-nuble\/","title":{"rendered":"Conversatorio sobre Inclusi\u00f3n y la Ley TEA en la Regi\u00f3n de \u00d1uble"},"content":{"rendered":"\n<figure class=\"wp-block-image size-large\"><img loading=\"lazy\" decoding=\"async\" width=\"1024\" height=\"768\" src=\"https:\/\/www.muniquirihue.cl\/2025\/wp-content\/uploads\/2025\/04\/IMG-20250403-WA0007-1024x768.jpg\" alt=\"\" class=\"wp-image-2064\" srcset=\"https:\/\/www.muniquirihue.cl\/2025\/wp-content\/uploads\/2025\/04\/IMG-20250403-WA0007-1024x768.jpg 1024w, https:\/\/www.muniquirihue.cl\/2025\/wp-content\/uploads\/2025\/04\/IMG-20250403-WA0007-300x225.jpg 300w, https:\/\/www.muniquirihue.cl\/2025\/wp-content\/uploads\/2025\/04\/IMG-20250403-WA0007-768x576.jpg 768w, https:\/\/www.muniquirihue.cl\/2025\/wp-content\/uploads\/2025\/04\/IMG-20250403-WA0007.jpg 1500w\" sizes=\"auto, (max-width: 1024px) 100vw, 1024px\" \/><\/figure>\n\n\n\n<p>Durante esta ma\u00f1ana, en el Sal\u00f3n Claudio Arrau del Teatro de Chill\u00e1n, se desarroll\u00f3 un importante Conversatorio sobre Inclusi\u00f3n y la Implementaci\u00f3n de la Ley TEA, organizado por la Fundaci\u00f3n MiTea en conjunto con el Gobierno Regional de \u00d1uble.<\/p>\n\n\n\n<p>Este encuentro tuvo como objetivo central generar conciencia sobre la importancia de la inclusi\u00f3n de las personas dentro del Trastorno del Espectro Autista (TEA), abordando los desaf\u00edos que enfrentan en distintos \u00e1mbitos de la sociedad, como la educaci\u00f3n, la salud y el acceso a servicios b\u00e1sicos.<\/p>\n\n\n\n<p>En la jornada particip\u00f3 nuestro alcalde Eduardo Redlich junto autoridades regionales y profesionales comprometidos con la promoci\u00f3n de pol\u00edticas p\u00fablicas inclusivas, entre ellos:<\/p>\n\n\n\n<p>\u2705 \u00d3scar Cris\u00f3stomo Llanos, Gobernador de la Regi\u00f3n de \u00d1uble<br>\u2705 Marta Carvajal, Seremi de Desarrollo Social<br>\u2705 C\u00e9sar Riquelme Alarc\u00f3n, Seremi de Educaci\u00f3n<br>\u2705 Bel\u00e9n Olivares, Referente de la Implementaci\u00f3n de la Ley TEA en \u00d1uble<br>\u2705 Alejandra Gajardo Menzel, Directora de la Fundaci\u00f3n MiTea Chill\u00e1n<\/p>\n\n\n\n<p>La concienciaci\u00f3n sobre el Trastorno del Espectro Autista (TEA) es clave para avanzar hacia una sociedad m\u00e1s equitativa y respetuosa de la diversidad. La falta de informaci\u00f3n y sensibilizaci\u00f3n ha generado barreras que limitan el acceso de las personas con TEA a oportunidades fundamentales en la educaci\u00f3n, el empleo y la vida cotidiana. Hacemos el llamado a la informaci\u00f3n, educarse y respetar la neurodiversidad.<\/p>\n","protected":false},"excerpt":{"rendered":"<p>Durante esta ma\u00f1ana, en el Sal\u00f3n Claudio Arrau del Teatro de Chill\u00e1n, se desarroll\u00f3 un importante Conversatorio sobre Inclusi\u00f3n y la Implementaci\u00f3n de la Ley TEA, organizado por la Fundaci\u00f3n MiTea en conjunto con el Gobierno Regional de \u00d1uble. Este encuentro tuvo como objetivo central generar conciencia sobre la importancia de la inclusi\u00f3n de las&#8230;<\/p>\n","protected":false},"author":3,"featured_media":2064,"comment_status":"closed","ping_status":"closed","sticky":false,"template":"","format":"standard","meta":{"_kadence_starter_templates_imported_post":false,"_kad_post_transparent":"","_kad_post_title":"","_kad_post_layout":"","_kad_post_sidebar_id":"","_kad_post_content_style":"","_kad_post_vertical_padding":"","_kad_post_feature":"","_kad_post_feature_position":"","_kad_post_header":false,"_kad_post_footer":false,"footnotes":""},"categories":[2],"tags":[],"class_list":["post-2063","post","type-post","status-publish","format-standard","has-post-thumbnail","hentry","category-noticias"],"_links":{"self":[{"href":"https:\/\/www.muniquirihue.cl\/2025\/wp-json\/wp\/v2\/posts\/2063","targetHints":{"allow":["GET"]}}],"collection":[{"href":"https:\/\/www.muniquirihue.cl\/2025\/wp-json\/wp\/v2\/posts"}],"about":[{"href":"https:\/\/www.muniquirihue.cl\/2025\/wp-json\/wp\/v2\/types\/post"}],"author":[{"embeddable":true,"href":"https:\/\/www.muniquirihue.cl\/2025\/wp-json\/wp\/v2\/users\/3"}],"replies":[{"embeddable":true,"href":"https:\/\/www.muniquirihue.cl\/2025\/wp-json\/wp\/v2\/comments?post=2063"}],"version-history":[{"count":1,"href":"https:\/\/www.muniquirihue.cl\/2025\/wp-json\/wp\/v2\/posts\/2063\/revisions"}],"predecessor-version":[{"id":2065,"href":"https:\/\/www.muniquirihue.cl\/2025\/wp-json\/wp\/v2\/posts\/2063\/revisions\/2065"}],"wp:featuredmedia":[{"embeddable":true,"href":"https:\/\/www.muniquirihue.cl\/2025\/wp-json\/wp\/v2\/media\/2064"}],"wp:attachment":[{"href":"https:\/\/www.muniquirihue.cl\/2025\/wp-json\/wp\/v2\/media?parent=2063"}],"wp:term":[{"taxonomy":"category","embeddable":true,"href":"https:\/\/www.muniquirihue.cl\/2025\/wp-json\/wp\/v2\/categories?post=2063"},{"taxonomy":"post_tag","embeddable":true,"href":"https:\/\/www.muniquirihue.cl\/2025\/wp-json\/wp\/v2\/tags?post=2063"}],"curies":[{"name":"wp","href":"https:\/\/api.w.org\/{rel}","templated":true}]}}