{"id":2206,"date":"2025-06-12T10:08:00","date_gmt":"2025-06-12T14:08:00","guid":{"rendered":"https:\/\/www.muniquirihue.cl\/2025\/?p=2206"},"modified":"2025-07-01T10:11:38","modified_gmt":"2025-07-01T14:11:38","slug":"saludo-protocolar-del-nuevo-alcaide-del-cdp-de-quirihue","status":"publish","type":"post","link":"https:\/\/www.muniquirihue.cl\/2025\/saludo-protocolar-del-nuevo-alcaide-del-cdp-de-quirihue\/","title":{"rendered":"Saludo Protocolar del Nuevo Alcaide del CDP de Quirihue"},"content":{"rendered":"\n<figure class=\"wp-block-image size-large\"><img loading=\"lazy\" decoding=\"async\" width=\"820\" height=\"1024\" src=\"https:\/\/www.muniquirihue.cl\/2025\/wp-content\/uploads\/2025\/07\/506298342_17876303664357590_567554842323320352_n-820x1024.jpg\" alt=\"\" class=\"wp-image-2207\" srcset=\"https:\/\/www.muniquirihue.cl\/2025\/wp-content\/uploads\/2025\/07\/506298342_17876303664357590_567554842323320352_n-820x1024.jpg 820w, https:\/\/www.muniquirihue.cl\/2025\/wp-content\/uploads\/2025\/07\/506298342_17876303664357590_567554842323320352_n-240x300.jpg 240w, https:\/\/www.muniquirihue.cl\/2025\/wp-content\/uploads\/2025\/07\/506298342_17876303664357590_567554842323320352_n-768x959.jpg 768w, https:\/\/www.muniquirihue.cl\/2025\/wp-content\/uploads\/2025\/07\/506298342_17876303664357590_567554842323320352_n-1229x1536.jpg 1229w, https:\/\/www.muniquirihue.cl\/2025\/wp-content\/uploads\/2025\/07\/506298342_17876303664357590_567554842323320352_n.jpg 1440w\" sizes=\"auto, (max-width: 820px) 100vw, 820px\" \/><\/figure>\n\n\n\n<p>Durante esta jornada, recibimos la visita protocolar del nuevo alcaide del Centro de Detenci\u00f3n Preventiva (CDP) de nuestra comuna, Capit\u00e1n Francisco Arias Contreras, quien asumi\u00f3 recientemente sus funciones en dicho recinto.<\/p>\n\n\n\n<p>La instancia permiti\u00f3 sostener una reuni\u00f3n de trabajo conjunto, en la que se abordaron diversos temas vinculados a la colaboraci\u00f3n institucional, el fortalecimiento de redes locales y el desarrollo de <a><\/a>acciones coordinadas entre el municipio y Gendarmer\u00eda.<\/p>\n\n\n\n<p>Desde el municipio valoramos esta disposici\u00f3n al trabajo colaborativo y reafirmamos nuestro compromiso con el desarrollo de iniciativas que contribuyan al bienestar y la reinserci\u00f3n social de las personas privadas de libertad, as\u00ed como al fortalecimiento del tejido comunitario de Quirihue.<\/p>\n","protected":false},"excerpt":{"rendered":"<p>Durante esta jornada, recibimos la visita protocolar del nuevo alcaide del Centro de Detenci\u00f3n Preventiva (CDP) de nuestra comuna, Capit\u00e1n Francisco Arias Contreras, quien asumi\u00f3 recientemente sus funciones en dicho recinto. La instancia permiti\u00f3 sostener una reuni\u00f3n de trabajo conjunto, en la que se abordaron diversos temas vinculados a la colaboraci\u00f3n institucional, el fortalecimiento de&#8230;<\/p>\n","protected":false},"author":3,"featured_media":2208,"comment_status":"closed","ping_status":"closed","sticky":false,"template":"","format":"standard","meta":{"_kadence_starter_templates_imported_post":false,"_kad_post_transparent":"","_kad_post_title":"","_kad_post_layout":"","_kad_post_sidebar_id":"","_kad_post_content_style":"","_kad_post_vertical_padding":"","_kad_post_feature":"","_kad_post_feature_position":"","_kad_post_header":false,"_kad_post_footer":false,"footnotes":""},"categories":[2],"tags":[],"class_list":["post-2206","post","type-post","status-publish","format-standard","has-post-thumbnail","hentry","category-noticias"],"_links":{"self":[{"href":"https:\/\/www.muniquirihue.cl\/2025\/wp-json\/wp\/v2\/posts\/2206","targetHints":{"allow":["GET"]}}],"collection":[{"href":"https:\/\/www.muniquirihue.cl\/2025\/wp-json\/wp\/v2\/posts"}],"about":[{"href":"https:\/\/www.muniquirihue.cl\/2025\/wp-json\/wp\/v2\/types\/post"}],"author":[{"embeddable":true,"href":"https:\/\/www.muniquirihue.cl\/2025\/wp-json\/wp\/v2\/users\/3"}],"replies":[{"embeddable":true,"href":"https:\/\/www.muniquirihue.cl\/2025\/wp-json\/wp\/v2\/comments?post=2206"}],"version-history":[{"count":1,"href":"https:\/\/www.muniquirihue.cl\/2025\/wp-json\/wp\/v2\/posts\/2206\/revisions"}],"predecessor-version":[{"id":2209,"href":"https:\/\/www.muniquirihue.cl\/2025\/wp-json\/wp\/v2\/posts\/2206\/revisions\/2209"}],"wp:featuredmedia":[{"embeddable":true,"href":"https:\/\/www.muniquirihue.cl\/2025\/wp-json\/wp\/v2\/media\/2208"}],"wp:attachment":[{"href":"https:\/\/www.muniquirihue.cl\/2025\/wp-json\/wp\/v2\/media?parent=2206"}],"wp:term":[{"taxonomy":"category","embeddable":true,"href":"https:\/\/www.muniquirihue.cl\/2025\/wp-json\/wp\/v2\/categories?post=2206"},{"taxonomy":"post_tag","embeddable":true,"href":"https:\/\/www.muniquirihue.cl\/2025\/wp-json\/wp\/v2\/tags?post=2206"}],"curies":[{"name":"wp","href":"https:\/\/api.w.org\/{rel}","templated":true}]}}