{"id":2231,"date":"2025-06-17T10:24:00","date_gmt":"2025-06-17T14:24:00","guid":{"rendered":"https:\/\/www.muniquirihue.cl\/2025\/?p=2231"},"modified":"2025-07-01T10:24:49","modified_gmt":"2025-07-01T14:24:49","slug":"taller-fuerza-emprendedora-inteligencia-emocional-para-superar-desafios","status":"publish","type":"post","link":"https:\/\/www.muniquirihue.cl\/2025\/taller-fuerza-emprendedora-inteligencia-emocional-para-superar-desafios\/","title":{"rendered":"Taller &#8220;Fuerza Emprendedora: Inteligencia Emocional para Superar Desaf\u00edos&#8221;"},"content":{"rendered":"\n<figure class=\"wp-block-image size-large\"><img loading=\"lazy\" decoding=\"async\" width=\"819\" height=\"1024\" src=\"https:\/\/www.muniquirihue.cl\/2025\/wp-content\/uploads\/2025\/07\/508978832_17876904456357590_8217160847506414184_n-819x1024.jpg\" alt=\"\" class=\"wp-image-2232\" srcset=\"https:\/\/www.muniquirihue.cl\/2025\/wp-content\/uploads\/2025\/07\/508978832_17876904456357590_8217160847506414184_n-819x1024.jpg 819w, https:\/\/www.muniquirihue.cl\/2025\/wp-content\/uploads\/2025\/07\/508978832_17876904456357590_8217160847506414184_n-240x300.jpg 240w, https:\/\/www.muniquirihue.cl\/2025\/wp-content\/uploads\/2025\/07\/508978832_17876904456357590_8217160847506414184_n-768x960.jpg 768w, https:\/\/www.muniquirihue.cl\/2025\/wp-content\/uploads\/2025\/07\/508978832_17876904456357590_8217160847506414184_n-1229x1536.jpg 1229w, https:\/\/www.muniquirihue.cl\/2025\/wp-content\/uploads\/2025\/07\/508978832_17876904456357590_8217160847506414184_n.jpg 1440w\" sizes=\"auto, (max-width: 819px) 100vw, 819px\" \/><\/figure>\n\n\n\n<p>El d\u00eda de ayer se desarroll\u00f3 con gran \u00e9xito el taller &#8220;Fuerza Emprendedora: Inteligencia Emocional para Superar Desaf\u00edos&#8221;, organizado por la Incubadora de Cooperativas Inclusivas &#8211; EDLI, en la sede comunitaria de El Tabl\u00f3n.<\/p>\n\n\n\n<p>La jornada estuvo dirigida a emprendedoras y emprendedores del territorio, con el prop\u00f3sito de fortalecer sus habilidades emocionales y entregar herramientas pr\u00e1cticas para el manejo <a><\/a>de la frustraci\u00f3n, la automotivaci\u00f3n, la perseverancia y el control del estr\u00e9s.<\/p>\n\n\n\n<p>Agradecemos la participaci\u00f3n activa de quienes asistieron y reafirmamos nuestro compromiso con el desarrollo integral de las y los emprendedores de nuestra comuna.<\/p>\n","protected":false},"excerpt":{"rendered":"<p>El d\u00eda de ayer se desarroll\u00f3 con gran \u00e9xito el taller &#8220;Fuerza Emprendedora: Inteligencia Emocional para Superar Desaf\u00edos&#8221;, organizado por la Incubadora de Cooperativas Inclusivas &#8211; EDLI, en la sede comunitaria de El Tabl\u00f3n. La jornada estuvo dirigida a emprendedoras y emprendedores del territorio, con el prop\u00f3sito de fortalecer sus habilidades emocionales y entregar herramientas&#8230;<\/p>\n","protected":false},"author":3,"featured_media":2232,"comment_status":"closed","ping_status":"closed","sticky":false,"template":"","format":"standard","meta":{"_kadence_starter_templates_imported_post":false,"_kad_post_transparent":"","_kad_post_title":"","_kad_post_layout":"","_kad_post_sidebar_id":"","_kad_post_content_style":"","_kad_post_vertical_padding":"","_kad_post_feature":"","_kad_post_feature_position":"","_kad_post_header":false,"_kad_post_footer":false,"footnotes":""},"categories":[2],"tags":[],"class_list":["post-2231","post","type-post","status-publish","format-standard","has-post-thumbnail","hentry","category-noticias"],"_links":{"self":[{"href":"https:\/\/www.muniquirihue.cl\/2025\/wp-json\/wp\/v2\/posts\/2231","targetHints":{"allow":["GET"]}}],"collection":[{"href":"https:\/\/www.muniquirihue.cl\/2025\/wp-json\/wp\/v2\/posts"}],"about":[{"href":"https:\/\/www.muniquirihue.cl\/2025\/wp-json\/wp\/v2\/types\/post"}],"author":[{"embeddable":true,"href":"https:\/\/www.muniquirihue.cl\/2025\/wp-json\/wp\/v2\/users\/3"}],"replies":[{"embeddable":true,"href":"https:\/\/www.muniquirihue.cl\/2025\/wp-json\/wp\/v2\/comments?post=2231"}],"version-history":[{"count":1,"href":"https:\/\/www.muniquirihue.cl\/2025\/wp-json\/wp\/v2\/posts\/2231\/revisions"}],"predecessor-version":[{"id":2233,"href":"https:\/\/www.muniquirihue.cl\/2025\/wp-json\/wp\/v2\/posts\/2231\/revisions\/2233"}],"wp:featuredmedia":[{"embeddable":true,"href":"https:\/\/www.muniquirihue.cl\/2025\/wp-json\/wp\/v2\/media\/2232"}],"wp:attachment":[{"href":"https:\/\/www.muniquirihue.cl\/2025\/wp-json\/wp\/v2\/media?parent=2231"}],"wp:term":[{"taxonomy":"category","embeddable":true,"href":"https:\/\/www.muniquirihue.cl\/2025\/wp-json\/wp\/v2\/categories?post=2231"},{"taxonomy":"post_tag","embeddable":true,"href":"https:\/\/www.muniquirihue.cl\/2025\/wp-json\/wp\/v2\/tags?post=2231"}],"curies":[{"name":"wp","href":"https:\/\/api.w.org\/{rel}","templated":true}]}}