{"id":2252,"date":"2025-06-22T10:34:00","date_gmt":"2025-06-22T14:34:00","guid":{"rendered":"https:\/\/www.muniquirihue.cl\/2025\/?p=2252"},"modified":"2025-07-01T10:34:51","modified_gmt":"2025-07-01T14:34:51","slug":"celebracion-del-dia-del-padre-junto-a-la-agrupacion-las-golondrinas-del-humedal","status":"publish","type":"post","link":"https:\/\/www.muniquirihue.cl\/2025\/celebracion-del-dia-del-padre-junto-a-la-agrupacion-las-golondrinas-del-humedal\/","title":{"rendered":"Celebraci\u00f3n del D\u00eda del Padre junto a la Agrupaci\u00f3n \u201cLas Golondrinas del Humedal\u201d"},"content":{"rendered":"\n<figure class=\"wp-block-image size-large\"><img loading=\"lazy\" decoding=\"async\" width=\"1024\" height=\"576\" src=\"https:\/\/www.muniquirihue.cl\/2025\/wp-content\/uploads\/2025\/07\/504889100_17877574851357590_2081698129599998053_n-1024x576.jpg\" alt=\"\" class=\"wp-image-2253\" srcset=\"https:\/\/www.muniquirihue.cl\/2025\/wp-content\/uploads\/2025\/07\/504889100_17877574851357590_2081698129599998053_n-1024x576.jpg 1024w, https:\/\/www.muniquirihue.cl\/2025\/wp-content\/uploads\/2025\/07\/504889100_17877574851357590_2081698129599998053_n-300x169.jpg 300w, https:\/\/www.muniquirihue.cl\/2025\/wp-content\/uploads\/2025\/07\/504889100_17877574851357590_2081698129599998053_n-768x432.jpg 768w, https:\/\/www.muniquirihue.cl\/2025\/wp-content\/uploads\/2025\/07\/504889100_17877574851357590_2081698129599998053_n.jpg 1440w\" sizes=\"auto, (max-width: 1024px) 100vw, 1024px\" \/><\/figure>\n\n\n\n<p>Esta tarde de domingo, nuestro alcalde Eduardo Redlich Mardones particip\u00f3 en la emotiva celebraci\u00f3n del D\u00eda del Padre, organizada por la Agrupaci\u00f3n \u201cLas Golondrinas del Humedal\u201d.<\/p>\n\n\n\n<p>La jornada tambi\u00e9n cont\u00f3 con la presencia del Consejero Regional Iter Stuardo, compartiendo un grato momento junto a las familias del sector.<\/p>\n\n\n\n<p>En <a><\/a>la ocasi\u00f3n, nuestro alcalde entreg\u00f3 un afectuoso y respetuoso saludo a cada uno de los padres que integran la agrupaci\u00f3n, agradeciendo sinceramente la invitaci\u00f3n y el c\u00e1lido recibimiento por parte de la comunidad.<\/p>\n\n\n\n<p>Agradecemos a \u201cLas Golondrinas del Humedal\u201d por esta significativa instancia que fortalece los lazos comunitarios y reconoce el importante rol de los padres en nuestra sociedad.<\/p>\n","protected":false},"excerpt":{"rendered":"<p>Esta tarde de domingo, nuestro alcalde Eduardo Redlich Mardones particip\u00f3 en la emotiva celebraci\u00f3n del D\u00eda del Padre, organizada por la Agrupaci\u00f3n \u201cLas Golondrinas del Humedal\u201d. La jornada tambi\u00e9n cont\u00f3 con la presencia del Consejero Regional Iter Stuardo, compartiendo un grato momento junto a las familias del sector. En la ocasi\u00f3n, nuestro alcalde entreg\u00f3 un&#8230;<\/p>\n","protected":false},"author":3,"featured_media":2253,"comment_status":"closed","ping_status":"closed","sticky":false,"template":"","format":"standard","meta":{"_kadence_starter_templates_imported_post":false,"_kad_post_transparent":"","_kad_post_title":"","_kad_post_layout":"","_kad_post_sidebar_id":"","_kad_post_content_style":"","_kad_post_vertical_padding":"","_kad_post_feature":"","_kad_post_feature_position":"","_kad_post_header":false,"_kad_post_footer":false,"footnotes":""},"categories":[2],"tags":[],"class_list":["post-2252","post","type-post","status-publish","format-standard","has-post-thumbnail","hentry","category-noticias"],"_links":{"self":[{"href":"https:\/\/www.muniquirihue.cl\/2025\/wp-json\/wp\/v2\/posts\/2252","targetHints":{"allow":["GET"]}}],"collection":[{"href":"https:\/\/www.muniquirihue.cl\/2025\/wp-json\/wp\/v2\/posts"}],"about":[{"href":"https:\/\/www.muniquirihue.cl\/2025\/wp-json\/wp\/v2\/types\/post"}],"author":[{"embeddable":true,"href":"https:\/\/www.muniquirihue.cl\/2025\/wp-json\/wp\/v2\/users\/3"}],"replies":[{"embeddable":true,"href":"https:\/\/www.muniquirihue.cl\/2025\/wp-json\/wp\/v2\/comments?post=2252"}],"version-history":[{"count":1,"href":"https:\/\/www.muniquirihue.cl\/2025\/wp-json\/wp\/v2\/posts\/2252\/revisions"}],"predecessor-version":[{"id":2254,"href":"https:\/\/www.muniquirihue.cl\/2025\/wp-json\/wp\/v2\/posts\/2252\/revisions\/2254"}],"wp:featuredmedia":[{"embeddable":true,"href":"https:\/\/www.muniquirihue.cl\/2025\/wp-json\/wp\/v2\/media\/2253"}],"wp:attachment":[{"href":"https:\/\/www.muniquirihue.cl\/2025\/wp-json\/wp\/v2\/media?parent=2252"}],"wp:term":[{"taxonomy":"category","embeddable":true,"href":"https:\/\/www.muniquirihue.cl\/2025\/wp-json\/wp\/v2\/categories?post=2252"},{"taxonomy":"post_tag","embeddable":true,"href":"https:\/\/www.muniquirihue.cl\/2025\/wp-json\/wp\/v2\/tags?post=2252"}],"curies":[{"name":"wp","href":"https:\/\/api.w.org\/{rel}","templated":true}]}}