{"id":2258,"date":"2025-06-25T10:37:00","date_gmt":"2025-06-25T14:37:00","guid":{"rendered":"https:\/\/www.muniquirihue.cl\/2025\/?p=2258"},"modified":"2025-07-01T10:39:19","modified_gmt":"2025-07-01T14:39:19","slug":"autoridades-coordinan-avances-en-nuevas-prestaciones-de-salud-para-quirihue","status":"publish","type":"post","link":"https:\/\/www.muniquirihue.cl\/2025\/autoridades-coordinan-avances-en-nuevas-prestaciones-de-salud-para-quirihue\/","title":{"rendered":"Autoridades coordinan avances en nuevas prestaciones de salud para Quirihue"},"content":{"rendered":"\n<figure class=\"wp-block-image size-large\"><img loading=\"lazy\" decoding=\"async\" width=\"819\" height=\"1024\" src=\"https:\/\/www.muniquirihue.cl\/2025\/wp-content\/uploads\/2025\/07\/505423151_17877945837357590_7836603003161404492_n-819x1024.jpg\" alt=\"\" class=\"wp-image-2259\" srcset=\"https:\/\/www.muniquirihue.cl\/2025\/wp-content\/uploads\/2025\/07\/505423151_17877945837357590_7836603003161404492_n-819x1024.jpg 819w, https:\/\/www.muniquirihue.cl\/2025\/wp-content\/uploads\/2025\/07\/505423151_17877945837357590_7836603003161404492_n-240x300.jpg 240w, https:\/\/www.muniquirihue.cl\/2025\/wp-content\/uploads\/2025\/07\/505423151_17877945837357590_7836603003161404492_n-768x960.jpg 768w, https:\/\/www.muniquirihue.cl\/2025\/wp-content\/uploads\/2025\/07\/505423151_17877945837357590_7836603003161404492_n-1229x1536.jpg 1229w, https:\/\/www.muniquirihue.cl\/2025\/wp-content\/uploads\/2025\/07\/505423151_17877945837357590_7836603003161404492_n.jpg 1440w\" sizes=\"auto, (max-width: 819px) 100vw, 819px\" \/><\/figure>\n\n\n\n<p>Durante esta tarde, el alcalde de la comuna, Eduardo Redlich Mardones, sostuvo una importante reuni\u00f3n de trabajo junto a la directora del Servicio de Salud \u00d1uble, Elizabeth Abarca Trivi\u00f1o, y el director del Hospital Comunitario de Salud Familiar de Quirihue, Claudio Mart\u00ednez Fonseca, con el objetivo de avanzar en el fortalecimiento de la red asistencial local.<\/p>\n\n\n\n<p>La instancia tuvo como eje principal el <a><\/a>an\u00e1lisis y planificaci\u00f3n de nuevas prestaciones que se proyectan para la comuna, entre ellas la instalaci\u00f3n de un centro de di\u00e1lisis, una necesidad sentida por la comunidad y una prioridad para la gesti\u00f3n municipal.<\/p>\n\n\n\n<p>Durante la reuni\u00f3n, tambi\u00e9n se abordaron alternativas de financiamiento para concretar distintos proyectos en materia de salud, con el prop\u00f3sito de mejorar el acceso, la calidad y la oportunidad de atenci\u00f3n para las y los vecinos de Quirihue.<\/p>\n\n\n\n<p>\u201cEl trabajo colaborativo con el Servicio de Salud y nuestro hospital local es clave para avanzar en una salud m\u00e1s digna, cercana y moderna para todos. Queremos que Quirihue cuente con las prestaciones que merece\u201d, se\u00f1al\u00f3 el alcalde Redlich al cierre del encuentro.<\/p>\n\n\n\n<p>Estas gestiones buscan posicionar a Quirihue como un referente en salud para toda la provincia del Itata, respondiendo a las necesidades reales de la comunidad con infraestructura y servicios de calidad.<\/p>\n","protected":false},"excerpt":{"rendered":"<p>Durante esta tarde, el alcalde de la comuna, Eduardo Redlich Mardones, sostuvo una importante reuni\u00f3n de trabajo junto a la directora del Servicio de Salud \u00d1uble, Elizabeth Abarca Trivi\u00f1o, y el director del Hospital Comunitario de Salud Familiar de Quirihue, Claudio Mart\u00ednez Fonseca, con el objetivo de avanzar en el fortalecimiento de la red asistencial&#8230;<\/p>\n","protected":false},"author":3,"featured_media":2259,"comment_status":"closed","ping_status":"closed","sticky":false,"template":"","format":"standard","meta":{"_kadence_starter_templates_imported_post":false,"_kad_post_transparent":"","_kad_post_title":"","_kad_post_layout":"","_kad_post_sidebar_id":"","_kad_post_content_style":"","_kad_post_vertical_padding":"","_kad_post_feature":"","_kad_post_feature_position":"","_kad_post_header":false,"_kad_post_footer":false,"footnotes":""},"categories":[2],"tags":[],"class_list":["post-2258","post","type-post","status-publish","format-standard","has-post-thumbnail","hentry","category-noticias"],"_links":{"self":[{"href":"https:\/\/www.muniquirihue.cl\/2025\/wp-json\/wp\/v2\/posts\/2258","targetHints":{"allow":["GET"]}}],"collection":[{"href":"https:\/\/www.muniquirihue.cl\/2025\/wp-json\/wp\/v2\/posts"}],"about":[{"href":"https:\/\/www.muniquirihue.cl\/2025\/wp-json\/wp\/v2\/types\/post"}],"author":[{"embeddable":true,"href":"https:\/\/www.muniquirihue.cl\/2025\/wp-json\/wp\/v2\/users\/3"}],"replies":[{"embeddable":true,"href":"https:\/\/www.muniquirihue.cl\/2025\/wp-json\/wp\/v2\/comments?post=2258"}],"version-history":[{"count":1,"href":"https:\/\/www.muniquirihue.cl\/2025\/wp-json\/wp\/v2\/posts\/2258\/revisions"}],"predecessor-version":[{"id":2260,"href":"https:\/\/www.muniquirihue.cl\/2025\/wp-json\/wp\/v2\/posts\/2258\/revisions\/2260"}],"wp:featuredmedia":[{"embeddable":true,"href":"https:\/\/www.muniquirihue.cl\/2025\/wp-json\/wp\/v2\/media\/2259"}],"wp:attachment":[{"href":"https:\/\/www.muniquirihue.cl\/2025\/wp-json\/wp\/v2\/media?parent=2258"}],"wp:term":[{"taxonomy":"category","embeddable":true,"href":"https:\/\/www.muniquirihue.cl\/2025\/wp-json\/wp\/v2\/categories?post=2258"},{"taxonomy":"post_tag","embeddable":true,"href":"https:\/\/www.muniquirihue.cl\/2025\/wp-json\/wp\/v2\/tags?post=2258"}],"curies":[{"name":"wp","href":"https:\/\/api.w.org\/{rel}","templated":true}]}}