{"id":2267,"date":"2025-06-30T10:43:00","date_gmt":"2025-06-30T14:43:00","guid":{"rendered":"https:\/\/www.muniquirihue.cl\/2025\/?p=2267"},"modified":"2025-07-01T11:08:07","modified_gmt":"2025-07-01T15:08:07","slug":"cuenta-publica-delegacion-presidencial-provincial-de-itata","status":"publish","type":"post","link":"https:\/\/www.muniquirihue.cl\/2025\/cuenta-publica-delegacion-presidencial-provincial-de-itata\/","title":{"rendered":"Cuenta P\u00fablica Delegaci\u00f3n Presidencial Provincial de Itata"},"content":{"rendered":"\n<figure class=\"wp-block-image size-large\"><img loading=\"lazy\" decoding=\"async\" width=\"1024\" height=\"768\" src=\"https:\/\/www.muniquirihue.cl\/2025\/wp-content\/uploads\/2025\/07\/514673788_18072764080964652_5719601368014671476_n-1024x768.jpg\" alt=\"\" class=\"wp-image-2274\" srcset=\"https:\/\/www.muniquirihue.cl\/2025\/wp-content\/uploads\/2025\/07\/514673788_18072764080964652_5719601368014671476_n-1024x768.jpg 1024w, https:\/\/www.muniquirihue.cl\/2025\/wp-content\/uploads\/2025\/07\/514673788_18072764080964652_5719601368014671476_n-300x225.jpg 300w, https:\/\/www.muniquirihue.cl\/2025\/wp-content\/uploads\/2025\/07\/514673788_18072764080964652_5719601368014671476_n-768x576.jpg 768w, https:\/\/www.muniquirihue.cl\/2025\/wp-content\/uploads\/2025\/07\/514673788_18072764080964652_5719601368014671476_n.jpg 1080w\" sizes=\"auto, (max-width: 1024px) 100vw, 1024px\" \/><\/figure>\n\n\n\n<p>Delegado Presidencial de Itata rinde cuenta p\u00fablica participativa destacando avances en seguridad, servicios y beneficios sociales<\/p>\n\n\n\n<p>En un acto ciudadano realizado en la comuna de Ninhue, el Delegado Presidencial Provincial de Itata, Mario Cruces N\u00fa\u00f1ez, encabez\u00f3 su Cuenta P\u00fablica Participativa 2025, instancia en la que present\u00f3 los principales avances del Gobierno en el territorio, reafirmando el compromiso con la descentralizaci\u00f3n, la equidad social y la seguridad.<\/p>\n\n\n\n<p>Durante la <a><\/a>jornada, el delegado destac\u00f3 importantes iniciativas impulsadas durante el \u00faltimo a\u00f1o, entre ellas el acercamiento de los servicios p\u00fablicos a las comunidades rurales, los esfuerzos por reforzar la seguridad territorial, y la entrega de beneficios sociales que han impactado directamente a las familias de las comunas que integran el Valle del Itata.<\/p>\n\n\n\n<p>La actividad cont\u00f3 con la participaci\u00f3n de autoridades regionales, alcaldes de la provincia, y representantes de organizaciones sociales, quienes valoraron la disposici\u00f3n del Gobierno para rendir cuentas con transparencia y en di\u00e1logo directo con la ciudadan\u00eda.<\/p>\n","protected":false},"excerpt":{"rendered":"<p>Delegado Presidencial de Itata rinde cuenta p\u00fablica participativa destacando avances en seguridad, servicios y beneficios sociales En un acto ciudadano realizado en la comuna de Ninhue, el Delegado Presidencial Provincial de Itata, Mario Cruces N\u00fa\u00f1ez, encabez\u00f3 su Cuenta P\u00fablica Participativa 2025, instancia en la que present\u00f3 los principales avances del Gobierno en el territorio, reafirmando&#8230;<\/p>\n","protected":false},"author":3,"featured_media":2274,"comment_status":"closed","ping_status":"closed","sticky":false,"template":"","format":"standard","meta":{"_kadence_starter_templates_imported_post":false,"_kad_post_transparent":"","_kad_post_title":"","_kad_post_layout":"","_kad_post_sidebar_id":"","_kad_post_content_style":"","_kad_post_vertical_padding":"","_kad_post_feature":"","_kad_post_feature_position":"","_kad_post_header":false,"_kad_post_footer":false,"footnotes":""},"categories":[2],"tags":[],"class_list":["post-2267","post","type-post","status-publish","format-standard","has-post-thumbnail","hentry","category-noticias"],"_links":{"self":[{"href":"https:\/\/www.muniquirihue.cl\/2025\/wp-json\/wp\/v2\/posts\/2267","targetHints":{"allow":["GET"]}}],"collection":[{"href":"https:\/\/www.muniquirihue.cl\/2025\/wp-json\/wp\/v2\/posts"}],"about":[{"href":"https:\/\/www.muniquirihue.cl\/2025\/wp-json\/wp\/v2\/types\/post"}],"author":[{"embeddable":true,"href":"https:\/\/www.muniquirihue.cl\/2025\/wp-json\/wp\/v2\/users\/3"}],"replies":[{"embeddable":true,"href":"https:\/\/www.muniquirihue.cl\/2025\/wp-json\/wp\/v2\/comments?post=2267"}],"version-history":[{"count":1,"href":"https:\/\/www.muniquirihue.cl\/2025\/wp-json\/wp\/v2\/posts\/2267\/revisions"}],"predecessor-version":[{"id":2275,"href":"https:\/\/www.muniquirihue.cl\/2025\/wp-json\/wp\/v2\/posts\/2267\/revisions\/2275"}],"wp:featuredmedia":[{"embeddable":true,"href":"https:\/\/www.muniquirihue.cl\/2025\/wp-json\/wp\/v2\/media\/2274"}],"wp:attachment":[{"href":"https:\/\/www.muniquirihue.cl\/2025\/wp-json\/wp\/v2\/media?parent=2267"}],"wp:term":[{"taxonomy":"category","embeddable":true,"href":"https:\/\/www.muniquirihue.cl\/2025\/wp-json\/wp\/v2\/categories?post=2267"},{"taxonomy":"post_tag","embeddable":true,"href":"https:\/\/www.muniquirihue.cl\/2025\/wp-json\/wp\/v2\/tags?post=2267"}],"curies":[{"name":"wp","href":"https:\/\/api.w.org\/{rel}","templated":true}]}}