{"id":2415,"date":"2025-09-16T18:24:00","date_gmt":"2025-09-16T22:24:00","guid":{"rendered":"https:\/\/www.muniquirihue.cl\/2025\/?p=2415"},"modified":"2025-09-22T08:25:17","modified_gmt":"2025-09-22T12:25:17","slug":"celebramos-fiestas-patrias-en-el-barrio-grumete-cortez","status":"publish","type":"post","link":"https:\/\/www.muniquirihue.cl\/2025\/celebramos-fiestas-patrias-en-el-barrio-grumete-cortez\/","title":{"rendered":"Celebramos Fiestas Patrias en el Barrio Grumete Cortez"},"content":{"rendered":"\n<figure class=\"wp-block-image size-large\"><img loading=\"lazy\" decoding=\"async\" width=\"1024\" height=\"682\" src=\"https:\/\/www.muniquirihue.cl\/2025\/wp-content\/uploads\/2025\/09\/549839916_17888124756357590_2022352784953429439_n-1024x682.jpg\" alt=\"\" class=\"wp-image-2416\" srcset=\"https:\/\/www.muniquirihue.cl\/2025\/wp-content\/uploads\/2025\/09\/549839916_17888124756357590_2022352784953429439_n-1024x682.jpg 1024w, https:\/\/www.muniquirihue.cl\/2025\/wp-content\/uploads\/2025\/09\/549839916_17888124756357590_2022352784953429439_n-300x200.jpg 300w, https:\/\/www.muniquirihue.cl\/2025\/wp-content\/uploads\/2025\/09\/549839916_17888124756357590_2022352784953429439_n-768x512.jpg 768w, https:\/\/www.muniquirihue.cl\/2025\/wp-content\/uploads\/2025\/09\/549839916_17888124756357590_2022352784953429439_n.jpg 1439w\" sizes=\"auto, (max-width: 1024px) 100vw, 1024px\" \/><\/figure>\n\n\n\n<p>Nuestro alcalde Eduardo Redlich particip\u00f3 en la celebraci\u00f3n de Fiestas Patrias del Programa Quiero Mi Barrio \u2013 Grumete Cortez, junto a la secretaria t\u00e9cnica de barrios, Yesica Angermayer, en representaci\u00f3n del Seremi de MINVU, Antonio Marchant.<\/p>\n\n\n\n<p>La jornada reuni\u00f3 a autoridades, vecinas y vecinos en un ambiente lleno de tradiciones y alegr\u00eda, con juegos t\u00edpicos, adem\u00e1s de los concursos de la mejor empanada y la mejor sopaipilla barrial, donde nuestro jurado tuvo la dif\u00edcil tarea de decidir y premiar a las ganadoras. <img loading=\"lazy\" decoding=\"async\" height=\"16\" width=\"16\" alt=\"\ud83e\udd5f\" src=\"https:\/\/static.xx.fbcdn.net\/images\/emoji.php\/v9\/te2\/1\/16\/1f95f.png\"><img loading=\"lazy\" decoding=\"async\" height=\"16\" width=\"16\" alt=\"\u2728\" src=\"https:\/\/static.xx.fbcdn.net\/images\/emoji.php\/v9\/tf4\/1\/16\/2728.png\"><\/p>\n\n\n\n<p>Una verdadera fiesta comunitaria que une tradici\u00f3n y participaci\u00f3n ciudadana, fortaleciendo los lazos de nuestro barrio. Agradecemos a la agrupaciones Almas Cuequeras del Coiqu\u00e9n y Tumbe Ra\u00edz de Itata por su presentaciones que amenizaron esta hermosa actividad.<\/p>\n","protected":false},"excerpt":{"rendered":"<p>Nuestro alcalde Eduardo Redlich particip\u00f3 en la celebraci\u00f3n de Fiestas Patrias del Programa Quiero Mi Barrio \u2013 Grumete Cortez, junto a la secretaria t\u00e9cnica de barrios, Yesica Angermayer, en representaci\u00f3n del Seremi de MINVU, Antonio Marchant. La jornada reuni\u00f3 a autoridades, vecinas y vecinos en un ambiente lleno de tradiciones y alegr\u00eda, con juegos t\u00edpicos,&#8230;<\/p>\n","protected":false},"author":3,"featured_media":2416,"comment_status":"closed","ping_status":"closed","sticky":false,"template":"","format":"standard","meta":{"_kadence_starter_templates_imported_post":false,"_kad_post_transparent":"","_kad_post_title":"","_kad_post_layout":"","_kad_post_sidebar_id":"","_kad_post_content_style":"","_kad_post_vertical_padding":"","_kad_post_feature":"","_kad_post_feature_position":"","_kad_post_header":false,"_kad_post_footer":false,"footnotes":""},"categories":[2],"tags":[],"class_list":["post-2415","post","type-post","status-publish","format-standard","has-post-thumbnail","hentry","category-noticias"],"_links":{"self":[{"href":"https:\/\/www.muniquirihue.cl\/2025\/wp-json\/wp\/v2\/posts\/2415","targetHints":{"allow":["GET"]}}],"collection":[{"href":"https:\/\/www.muniquirihue.cl\/2025\/wp-json\/wp\/v2\/posts"}],"about":[{"href":"https:\/\/www.muniquirihue.cl\/2025\/wp-json\/wp\/v2\/types\/post"}],"author":[{"embeddable":true,"href":"https:\/\/www.muniquirihue.cl\/2025\/wp-json\/wp\/v2\/users\/3"}],"replies":[{"embeddable":true,"href":"https:\/\/www.muniquirihue.cl\/2025\/wp-json\/wp\/v2\/comments?post=2415"}],"version-history":[{"count":1,"href":"https:\/\/www.muniquirihue.cl\/2025\/wp-json\/wp\/v2\/posts\/2415\/revisions"}],"predecessor-version":[{"id":2417,"href":"https:\/\/www.muniquirihue.cl\/2025\/wp-json\/wp\/v2\/posts\/2415\/revisions\/2417"}],"wp:featuredmedia":[{"embeddable":true,"href":"https:\/\/www.muniquirihue.cl\/2025\/wp-json\/wp\/v2\/media\/2416"}],"wp:attachment":[{"href":"https:\/\/www.muniquirihue.cl\/2025\/wp-json\/wp\/v2\/media?parent=2415"}],"wp:term":[{"taxonomy":"category","embeddable":true,"href":"https:\/\/www.muniquirihue.cl\/2025\/wp-json\/wp\/v2\/categories?post=2415"},{"taxonomy":"post_tag","embeddable":true,"href":"https:\/\/www.muniquirihue.cl\/2025\/wp-json\/wp\/v2\/tags?post=2415"}],"curies":[{"name":"wp","href":"https:\/\/api.w.org\/{rel}","templated":true}]}}