{"id":2421,"date":"2025-09-15T13:28:00","date_gmt":"2025-09-15T17:28:00","guid":{"rendered":"https:\/\/www.muniquirihue.cl\/2025\/?p=2421"},"modified":"2025-09-22T09:29:25","modified_gmt":"2025-09-22T13:29:25","slug":"alcaldes-de-nuble-rechazan-recorte-presupuestario","status":"publish","type":"post","link":"https:\/\/www.muniquirihue.cl\/2025\/alcaldes-de-nuble-rechazan-recorte-presupuestario\/","title":{"rendered":"Alcaldes de \u00d1uble rechazan recorte presupuestario"},"content":{"rendered":"\n<figure class=\"wp-block-image size-large\"><img loading=\"lazy\" decoding=\"async\" width=\"1024\" height=\"682\" src=\"https:\/\/www.muniquirihue.cl\/2025\/wp-content\/uploads\/2025\/09\/548892354_17887981719357590_4412993342108072424_n-1024x682.jpg\" alt=\"\" class=\"wp-image-2422\" srcset=\"https:\/\/www.muniquirihue.cl\/2025\/wp-content\/uploads\/2025\/09\/548892354_17887981719357590_4412993342108072424_n-1024x682.jpg 1024w, https:\/\/www.muniquirihue.cl\/2025\/wp-content\/uploads\/2025\/09\/548892354_17887981719357590_4412993342108072424_n-300x200.jpg 300w, https:\/\/www.muniquirihue.cl\/2025\/wp-content\/uploads\/2025\/09\/548892354_17887981719357590_4412993342108072424_n-768x511.jpg 768w, https:\/\/www.muniquirihue.cl\/2025\/wp-content\/uploads\/2025\/09\/548892354_17887981719357590_4412993342108072424_n.jpg 1364w\" sizes=\"auto, (max-width: 1024px) 100vw, 1024px\" \/><\/figure>\n\n\n\n<p>Durante esta ma\u00f1ana, nuestro alcalde Eduardo Redlich particip\u00f3 en la reuni\u00f3n extraordinaria convocada por el gobernador de \u00d1uble, \u00d3scar Cris\u00f3stomo, instancia que reuni\u00f3 a los 21 alcaldes de la regi\u00f3n junto a consejeros regionales.<\/p>\n\n\n\n<p>En la oportunidad, se manifest\u00f3 un rechazo un\u00e1nime al recorte presupuestario emanado desde el gobierno central, firm\u00e1ndose adem\u00e1s un oficio dirigido al Presidente de la Rep\u00fablica, solicitando revertir esta decisi\u00f3n.<\/p>\n\n\n\n<p>Nuestro alcalde destac\u00f3 que esta medida representa un duro rev\u00e9s para \u00d1uble, una de las regiones m\u00e1s pobres del pa\u00eds, con el \u00edndice de cesant\u00eda m\u00e1s alto y con las mujeres encabezando las cifras de desempleo nacional. Asimismo, recalc\u00f3 que estos recursos son fundamentales para impulsar proyectos en salud, infraestructura y diversas iniciativas sociales que benefician directamente a la comunidad.<\/p>\n","protected":false},"excerpt":{"rendered":"<p>Durante esta ma\u00f1ana, nuestro alcalde Eduardo Redlich particip\u00f3 en la reuni\u00f3n extraordinaria convocada por el gobernador de \u00d1uble, \u00d3scar Cris\u00f3stomo, instancia que reuni\u00f3 a los 21 alcaldes de la regi\u00f3n junto a consejeros regionales. En la oportunidad, se manifest\u00f3 un rechazo un\u00e1nime al recorte presupuestario emanado desde el gobierno central, firm\u00e1ndose adem\u00e1s un oficio dirigido&#8230;<\/p>\n","protected":false},"author":3,"featured_media":2422,"comment_status":"closed","ping_status":"closed","sticky":false,"template":"","format":"standard","meta":{"_kadence_starter_templates_imported_post":false,"_kad_post_transparent":"","_kad_post_title":"","_kad_post_layout":"","_kad_post_sidebar_id":"","_kad_post_content_style":"","_kad_post_vertical_padding":"","_kad_post_feature":"","_kad_post_feature_position":"","_kad_post_header":false,"_kad_post_footer":false,"footnotes":""},"categories":[2],"tags":[],"class_list":["post-2421","post","type-post","status-publish","format-standard","has-post-thumbnail","hentry","category-noticias"],"_links":{"self":[{"href":"https:\/\/www.muniquirihue.cl\/2025\/wp-json\/wp\/v2\/posts\/2421","targetHints":{"allow":["GET"]}}],"collection":[{"href":"https:\/\/www.muniquirihue.cl\/2025\/wp-json\/wp\/v2\/posts"}],"about":[{"href":"https:\/\/www.muniquirihue.cl\/2025\/wp-json\/wp\/v2\/types\/post"}],"author":[{"embeddable":true,"href":"https:\/\/www.muniquirihue.cl\/2025\/wp-json\/wp\/v2\/users\/3"}],"replies":[{"embeddable":true,"href":"https:\/\/www.muniquirihue.cl\/2025\/wp-json\/wp\/v2\/comments?post=2421"}],"version-history":[{"count":1,"href":"https:\/\/www.muniquirihue.cl\/2025\/wp-json\/wp\/v2\/posts\/2421\/revisions"}],"predecessor-version":[{"id":2423,"href":"https:\/\/www.muniquirihue.cl\/2025\/wp-json\/wp\/v2\/posts\/2421\/revisions\/2423"}],"wp:featuredmedia":[{"embeddable":true,"href":"https:\/\/www.muniquirihue.cl\/2025\/wp-json\/wp\/v2\/media\/2422"}],"wp:attachment":[{"href":"https:\/\/www.muniquirihue.cl\/2025\/wp-json\/wp\/v2\/media?parent=2421"}],"wp:term":[{"taxonomy":"category","embeddable":true,"href":"https:\/\/www.muniquirihue.cl\/2025\/wp-json\/wp\/v2\/categories?post=2421"},{"taxonomy":"post_tag","embeddable":true,"href":"https:\/\/www.muniquirihue.cl\/2025\/wp-json\/wp\/v2\/tags?post=2421"}],"curies":[{"name":"wp","href":"https:\/\/api.w.org\/{rel}","templated":true}]}}