{"id":2472,"date":"2025-11-10T17:34:56","date_gmt":"2025-11-10T21:34:56","guid":{"rendered":"https:\/\/www.muniquirihue.cl\/2025\/?p=2472"},"modified":"2025-11-11T17:36:46","modified_gmt":"2025-11-11T21:36:46","slug":"taller-de-alimentacion-saludable-con-pertenencia-cultural","status":"publish","type":"post","link":"https:\/\/www.muniquirihue.cl\/2025\/taller-de-alimentacion-saludable-con-pertenencia-cultural\/","title":{"rendered":"Taller de alimentaci\u00f3n saludable con pertenencia cultural"},"content":{"rendered":"\n<figure class=\"wp-block-image size-large\"><img loading=\"lazy\" decoding=\"async\" width=\"1024\" height=\"870\" src=\"https:\/\/www.muniquirihue.cl\/2025\/wp-content\/uploads\/2025\/11\/581115304_17894358651357590_3309963344013241114_n-1024x870.jpg\" alt=\"\" class=\"wp-image-2473\" srcset=\"https:\/\/www.muniquirihue.cl\/2025\/wp-content\/uploads\/2025\/11\/581115304_17894358651357590_3309963344013241114_n-1024x870.jpg 1024w, https:\/\/www.muniquirihue.cl\/2025\/wp-content\/uploads\/2025\/11\/581115304_17894358651357590_3309963344013241114_n-300x255.jpg 300w, https:\/\/www.muniquirihue.cl\/2025\/wp-content\/uploads\/2025\/11\/581115304_17894358651357590_3309963344013241114_n-768x652.jpg 768w, https:\/\/www.muniquirihue.cl\/2025\/wp-content\/uploads\/2025\/11\/581115304_17894358651357590_3309963344013241114_n.jpg 1440w\" sizes=\"auto, (max-width: 1024px) 100vw, 1024px\" \/><\/figure>\n\n\n\n<p>La Ilustre Municipalidad de Quirihue, a trav\u00e9s de su Departamento de Salud, junto a la Asociaci\u00f3n Ind\u00edgena Huichacoiquen, desarroll\u00f3 un enriquecedor Taller de <a><\/a>Alimentaci\u00f3n Saludable con Pertinencia Cultural.<\/p>\n\n\n\n<p>La jornada cont\u00f3 con la destacada participaci\u00f3n de Amelia Cayul, reconocida chef nacional e internacional, quien comparti\u00f3 sus conocimientos y experiencias en la preparaci\u00f3n de platos tradicionales, resaltando la importancia de una alimentaci\u00f3n equilibrada y el rescate de la identidad cultural.<\/p>\n\n\n\n<p>Esta iniciativa forma parte del Programa Especial de Salud de Pueblos Ind\u00edgenas (PESPI) y busca fortalecer la cultura alimentaria ind\u00edgena, fomentar el respeto por la diversidad y promover estilos de vida saludables en nuestra comunidad.<\/p>\n","protected":false},"excerpt":{"rendered":"<p>La Ilustre Municipalidad de Quirihue, a trav\u00e9s de su Departamento de Salud, junto a la Asociaci\u00f3n Ind\u00edgena Huichacoiquen, desarroll\u00f3 un enriquecedor Taller de Alimentaci\u00f3n Saludable con Pertinencia Cultural. La jornada cont\u00f3 con la destacada participaci\u00f3n de Amelia Cayul, reconocida chef nacional e internacional, quien comparti\u00f3 sus conocimientos y experiencias en la preparaci\u00f3n de platos tradicionales,&#8230;<\/p>\n","protected":false},"author":3,"featured_media":2473,"comment_status":"closed","ping_status":"closed","sticky":false,"template":"","format":"standard","meta":{"_kadence_starter_templates_imported_post":false,"_kad_post_transparent":"","_kad_post_title":"","_kad_post_layout":"","_kad_post_sidebar_id":"","_kad_post_content_style":"","_kad_post_vertical_padding":"","_kad_post_feature":"","_kad_post_feature_position":"","_kad_post_header":false,"_kad_post_footer":false,"footnotes":""},"categories":[2],"tags":[],"class_list":["post-2472","post","type-post","status-publish","format-standard","has-post-thumbnail","hentry","category-noticias"],"_links":{"self":[{"href":"https:\/\/www.muniquirihue.cl\/2025\/wp-json\/wp\/v2\/posts\/2472","targetHints":{"allow":["GET"]}}],"collection":[{"href":"https:\/\/www.muniquirihue.cl\/2025\/wp-json\/wp\/v2\/posts"}],"about":[{"href":"https:\/\/www.muniquirihue.cl\/2025\/wp-json\/wp\/v2\/types\/post"}],"author":[{"embeddable":true,"href":"https:\/\/www.muniquirihue.cl\/2025\/wp-json\/wp\/v2\/users\/3"}],"replies":[{"embeddable":true,"href":"https:\/\/www.muniquirihue.cl\/2025\/wp-json\/wp\/v2\/comments?post=2472"}],"version-history":[{"count":1,"href":"https:\/\/www.muniquirihue.cl\/2025\/wp-json\/wp\/v2\/posts\/2472\/revisions"}],"predecessor-version":[{"id":2474,"href":"https:\/\/www.muniquirihue.cl\/2025\/wp-json\/wp\/v2\/posts\/2472\/revisions\/2474"}],"wp:featuredmedia":[{"embeddable":true,"href":"https:\/\/www.muniquirihue.cl\/2025\/wp-json\/wp\/v2\/media\/2473"}],"wp:attachment":[{"href":"https:\/\/www.muniquirihue.cl\/2025\/wp-json\/wp\/v2\/media?parent=2472"}],"wp:term":[{"taxonomy":"category","embeddable":true,"href":"https:\/\/www.muniquirihue.cl\/2025\/wp-json\/wp\/v2\/categories?post=2472"},{"taxonomy":"post_tag","embeddable":true,"href":"https:\/\/www.muniquirihue.cl\/2025\/wp-json\/wp\/v2\/tags?post=2472"}],"curies":[{"name":"wp","href":"https:\/\/api.w.org\/{rel}","templated":true}]}}