{"id":2478,"date":"2025-11-07T17:38:25","date_gmt":"2025-11-07T21:38:25","guid":{"rendered":"https:\/\/www.muniquirihue.cl\/2025\/?p=2478"},"modified":"2025-11-11T17:40:23","modified_gmt":"2025-11-11T21:40:23","slug":"celebramos-el-dia-nacional-del-artesano-y-artesana","status":"publish","type":"post","link":"https:\/\/www.muniquirihue.cl\/2025\/celebramos-el-dia-nacional-del-artesano-y-artesana\/","title":{"rendered":"Celebramos el D\u00eda Nacional del Artesano y Artesana"},"content":{"rendered":"\n<figure class=\"wp-block-image size-large\"><img loading=\"lazy\" decoding=\"async\" width=\"1024\" height=\"683\" src=\"https:\/\/www.muniquirihue.cl\/2025\/wp-content\/uploads\/2025\/11\/579917760_17894058687357590_5958594220583836518_n-1024x683.jpg\" alt=\"\" class=\"wp-image-2479\" srcset=\"https:\/\/www.muniquirihue.cl\/2025\/wp-content\/uploads\/2025\/11\/579917760_17894058687357590_5958594220583836518_n-1024x683.jpg 1024w, https:\/\/www.muniquirihue.cl\/2025\/wp-content\/uploads\/2025\/11\/579917760_17894058687357590_5958594220583836518_n-300x200.jpg 300w, https:\/\/www.muniquirihue.cl\/2025\/wp-content\/uploads\/2025\/11\/579917760_17894058687357590_5958594220583836518_n-768x513.jpg 768w, https:\/\/www.muniquirihue.cl\/2025\/wp-content\/uploads\/2025\/11\/579917760_17894058687357590_5958594220583836518_n.jpg 1440w\" sizes=\"auto, (max-width: 1024px) 100vw, 1024px\" \/><\/figure>\n\n\n\n<p>Hoy conmemoramos el D\u00eda Nacional del Artesano y la Artesana con una hermosa actividad en la Plaza de Armas de Quirihue, donde rendimos homenaje a quienes con sus manos y talento mantienen viva nuestra identidad cultural.<\/p>\n\n\n\n<p>La jornada incluy\u00f3 una exposici\u00f3n de artesanos y artesanas locales, junto a presentaciones culturales de gran nivel, con la participaci\u00f3n de Tumbe Ra\u00edz de Itata, la Compa\u00f1\u00eda de Teatro M\u00e1scaras del Coiqu\u00e9n, y artistas invitados de Portezuelo, San Nicol\u00e1s, Pemuco, entre otras comunas.<\/p>\n\n\n\n<p>Esta significativa actividad fue organizada por la Seremi de las Culturas, las Artes y el Patrimonio, y cont\u00f3 con la presencia de nuestro alcalde Eduardo Redlich, consejeros regionales, concejales de la comuna, y por supuesto, nuestras y nuestros artesanos, verdaderos guardianes de nuestras tradiciones.<\/p>\n\n\n\n<p><img loading=\"lazy\" decoding=\"async\" height=\"16\" width=\"16\" alt=\"\ud83c\udf89\" src=\"https:\/\/static.xx.fbcdn.net\/images\/emoji.php\/v9\/t8c\/1\/16\/1f389.png\"> Gracias a todos quienes participaron y dieron vida a esta conmemoraci\u00f3n llena de arte, historia y comunidad.<\/p>\n","protected":false},"excerpt":{"rendered":"<p>Hoy conmemoramos el D\u00eda Nacional del Artesano y la Artesana con una hermosa actividad en la Plaza de Armas de Quirihue, donde rendimos homenaje a quienes con sus manos y talento mantienen viva nuestra identidad cultural. La jornada incluy\u00f3 una exposici\u00f3n de artesanos y artesanas locales, junto a presentaciones culturales de gran nivel, con la&#8230;<\/p>\n","protected":false},"author":3,"featured_media":2480,"comment_status":"closed","ping_status":"closed","sticky":false,"template":"","format":"standard","meta":{"_kadence_starter_templates_imported_post":false,"_kad_post_transparent":"","_kad_post_title":"","_kad_post_layout":"","_kad_post_sidebar_id":"","_kad_post_content_style":"","_kad_post_vertical_padding":"","_kad_post_feature":"","_kad_post_feature_position":"","_kad_post_header":false,"_kad_post_footer":false,"footnotes":""},"categories":[2],"tags":[],"class_list":["post-2478","post","type-post","status-publish","format-standard","has-post-thumbnail","hentry","category-noticias"],"_links":{"self":[{"href":"https:\/\/www.muniquirihue.cl\/2025\/wp-json\/wp\/v2\/posts\/2478","targetHints":{"allow":["GET"]}}],"collection":[{"href":"https:\/\/www.muniquirihue.cl\/2025\/wp-json\/wp\/v2\/posts"}],"about":[{"href":"https:\/\/www.muniquirihue.cl\/2025\/wp-json\/wp\/v2\/types\/post"}],"author":[{"embeddable":true,"href":"https:\/\/www.muniquirihue.cl\/2025\/wp-json\/wp\/v2\/users\/3"}],"replies":[{"embeddable":true,"href":"https:\/\/www.muniquirihue.cl\/2025\/wp-json\/wp\/v2\/comments?post=2478"}],"version-history":[{"count":1,"href":"https:\/\/www.muniquirihue.cl\/2025\/wp-json\/wp\/v2\/posts\/2478\/revisions"}],"predecessor-version":[{"id":2481,"href":"https:\/\/www.muniquirihue.cl\/2025\/wp-json\/wp\/v2\/posts\/2478\/revisions\/2481"}],"wp:featuredmedia":[{"embeddable":true,"href":"https:\/\/www.muniquirihue.cl\/2025\/wp-json\/wp\/v2\/media\/2480"}],"wp:attachment":[{"href":"https:\/\/www.muniquirihue.cl\/2025\/wp-json\/wp\/v2\/media?parent=2478"}],"wp:term":[{"taxonomy":"category","embeddable":true,"href":"https:\/\/www.muniquirihue.cl\/2025\/wp-json\/wp\/v2\/categories?post=2478"},{"taxonomy":"post_tag","embeddable":true,"href":"https:\/\/www.muniquirihue.cl\/2025\/wp-json\/wp\/v2\/tags?post=2478"}],"curies":[{"name":"wp","href":"https:\/\/api.w.org\/{rel}","templated":true}]}}