{"id":2482,"date":"2025-11-07T17:40:30","date_gmt":"2025-11-07T21:40:30","guid":{"rendered":"https:\/\/www.muniquirihue.cl\/2025\/?p=2482"},"modified":"2025-11-11T17:42:02","modified_gmt":"2025-11-11T21:42:02","slug":"firma-de-importante-convenio-en-favor-de-las-mujeres-de-nuestra-comuna","status":"publish","type":"post","link":"https:\/\/www.muniquirihue.cl\/2025\/firma-de-importante-convenio-en-favor-de-las-mujeres-de-nuestra-comuna\/","title":{"rendered":"Firma de importante convenio en favor de las mujeres de nuestra comuna"},"content":{"rendered":"\n<figure class=\"wp-block-image size-large\"><img loading=\"lazy\" decoding=\"async\" width=\"1024\" height=\"768\" src=\"https:\/\/www.muniquirihue.cl\/2025\/wp-content\/uploads\/2025\/11\/573813132_17893948386357590_9056002386418652521_n-1024x768.jpg\" alt=\"\" class=\"wp-image-2483\" srcset=\"https:\/\/www.muniquirihue.cl\/2025\/wp-content\/uploads\/2025\/11\/573813132_17893948386357590_9056002386418652521_n-1024x768.jpg 1024w, https:\/\/www.muniquirihue.cl\/2025\/wp-content\/uploads\/2025\/11\/573813132_17893948386357590_9056002386418652521_n-300x225.jpg 300w, https:\/\/www.muniquirihue.cl\/2025\/wp-content\/uploads\/2025\/11\/573813132_17893948386357590_9056002386418652521_n-768x576.jpg 768w, https:\/\/www.muniquirihue.cl\/2025\/wp-content\/uploads\/2025\/11\/573813132_17893948386357590_9056002386418652521_n.jpg 1440w\" sizes=\"auto, (max-width: 1024px) 100vw, 1024px\" \/><\/figure>\n\n\n\n<p>Durante esta tarde se firm\u00f3 un convenio de colaboraci\u00f3n entre el Servicio Nacional de la Mujer y Equidad de G\u00e9nero (SernamEG), la Ilustre Municipalidad de Portezuelo y la Ilustre Municipalidad de Quirihue.<\/p>\n\n\n\n<p>Este acuerdo responde a una sentida necesidad de nuestra comunidad, especialmente de las mujeres que requieren orientaci\u00f3n, apoyo y contenci\u00f3n frente a situaciones de violencia de g\u00e9nero.<\/p>\n\n\n\n<p>El convenio busca promover el derecho a una vida libre de violencia, fortaleciendo las acciones de prevenci\u00f3n, atenci\u00f3n y reparaci\u00f3n a trav\u00e9s del trabajo conjunto con profesionales del Centro Provincial de la Mujer de Portezuelo, quienes tambi\u00e9n brindar\u00e1n atenci\u00f3n en nuestra comuna.<\/p>\n\n\n\n<p>En la instancia participaron nuestro alcalde Eduardo Redlich, el delegado presidencial provincial Mario Cruces, la directora regional de SernamEG \u00d1uble Nicol Ulloa, el alcalde de Portezuelo Juan Carlos Ram\u00edrez, junto a diversas autoridades y, por supuesto, las mujeres de nuestra comuna, protagonistas de este importante avance.<\/p>\n\n\n\n<p><img loading=\"lazy\" decoding=\"async\" height=\"16\" width=\"16\" alt=\"\u2728\" src=\"https:\/\/static.xx.fbcdn.net\/images\/emoji.php\/v9\/tf4\/1\/16\/2728.png\"> Seguimos trabajando juntos por un Quirihue m\u00e1s justo, equitativo y libre de violencia.<\/p>\n","protected":false},"excerpt":{"rendered":"<p>Durante esta tarde se firm\u00f3 un convenio de colaboraci\u00f3n entre el Servicio Nacional de la Mujer y Equidad de G\u00e9nero (SernamEG), la Ilustre Municipalidad de Portezuelo y la Ilustre Municipalidad de Quirihue. Este acuerdo responde a una sentida necesidad de nuestra comunidad, especialmente de las mujeres que requieren orientaci\u00f3n, apoyo y contenci\u00f3n frente a situaciones&#8230;<\/p>\n","protected":false},"author":3,"featured_media":2483,"comment_status":"closed","ping_status":"closed","sticky":false,"template":"","format":"standard","meta":{"_kadence_starter_templates_imported_post":false,"_kad_post_transparent":"","_kad_post_title":"","_kad_post_layout":"","_kad_post_sidebar_id":"","_kad_post_content_style":"","_kad_post_vertical_padding":"","_kad_post_feature":"","_kad_post_feature_position":"","_kad_post_header":false,"_kad_post_footer":false,"footnotes":""},"categories":[2],"tags":[],"class_list":["post-2482","post","type-post","status-publish","format-standard","has-post-thumbnail","hentry","category-noticias"],"_links":{"self":[{"href":"https:\/\/www.muniquirihue.cl\/2025\/wp-json\/wp\/v2\/posts\/2482","targetHints":{"allow":["GET"]}}],"collection":[{"href":"https:\/\/www.muniquirihue.cl\/2025\/wp-json\/wp\/v2\/posts"}],"about":[{"href":"https:\/\/www.muniquirihue.cl\/2025\/wp-json\/wp\/v2\/types\/post"}],"author":[{"embeddable":true,"href":"https:\/\/www.muniquirihue.cl\/2025\/wp-json\/wp\/v2\/users\/3"}],"replies":[{"embeddable":true,"href":"https:\/\/www.muniquirihue.cl\/2025\/wp-json\/wp\/v2\/comments?post=2482"}],"version-history":[{"count":1,"href":"https:\/\/www.muniquirihue.cl\/2025\/wp-json\/wp\/v2\/posts\/2482\/revisions"}],"predecessor-version":[{"id":2484,"href":"https:\/\/www.muniquirihue.cl\/2025\/wp-json\/wp\/v2\/posts\/2482\/revisions\/2484"}],"wp:featuredmedia":[{"embeddable":true,"href":"https:\/\/www.muniquirihue.cl\/2025\/wp-json\/wp\/v2\/media\/2483"}],"wp:attachment":[{"href":"https:\/\/www.muniquirihue.cl\/2025\/wp-json\/wp\/v2\/media?parent=2482"}],"wp:term":[{"taxonomy":"category","embeddable":true,"href":"https:\/\/www.muniquirihue.cl\/2025\/wp-json\/wp\/v2\/categories?post=2482"},{"taxonomy":"post_tag","embeddable":true,"href":"https:\/\/www.muniquirihue.cl\/2025\/wp-json\/wp\/v2\/tags?post=2482"}],"curies":[{"name":"wp","href":"https:\/\/api.w.org\/{rel}","templated":true}]}}