{"id":2509,"date":"2025-10-30T17:54:05","date_gmt":"2025-10-30T21:54:05","guid":{"rendered":"https:\/\/www.muniquirihue.cl\/2025\/?p=2509"},"modified":"2025-11-11T17:56:50","modified_gmt":"2025-11-11T21:56:50","slug":"muestra-de-taller-de-arte-terapia-en-explanada-de-gobierno-regional-de-nuble","status":"publish","type":"post","link":"https:\/\/www.muniquirihue.cl\/2025\/muestra-de-taller-de-arte-terapia-en-explanada-de-gobierno-regional-de-nuble\/","title":{"rendered":"Muestra de taller de arte terapia en explanada de gobierno regional de \u00d1uble"},"content":{"rendered":"\n<figure class=\"wp-block-image size-large\"><img loading=\"lazy\" decoding=\"async\" width=\"1024\" height=\"768\" src=\"https:\/\/www.muniquirihue.cl\/2025\/wp-content\/uploads\/2025\/11\/572348759_17893045197357590_4451178126894352913_n-1024x768.jpg\" alt=\"\" class=\"wp-image-2510\" srcset=\"https:\/\/www.muniquirihue.cl\/2025\/wp-content\/uploads\/2025\/11\/572348759_17893045197357590_4451178126894352913_n-1024x768.jpg 1024w, https:\/\/www.muniquirihue.cl\/2025\/wp-content\/uploads\/2025\/11\/572348759_17893045197357590_4451178126894352913_n-300x225.jpg 300w, https:\/\/www.muniquirihue.cl\/2025\/wp-content\/uploads\/2025\/11\/572348759_17893045197357590_4451178126894352913_n-768x576.jpg 768w, https:\/\/www.muniquirihue.cl\/2025\/wp-content\/uploads\/2025\/11\/572348759_17893045197357590_4451178126894352913_n.jpg 1440w\" sizes=\"auto, (max-width: 1024px) 100vw, 1024px\" \/><\/figure>\n\n\n\n<p>Durante esta ma\u00f1ana se realiz\u00f3 la exposici\u00f3n del Taller de Arteterapia, iniciativa financiada a trav\u00e9s de los Fondos Concursables del Servicio Nacional de la <a><\/a>Discapacidad (SENADIS), en la explanada del Gobierno Regional de \u00d1uble.<\/p>\n\n\n\n<p>En la actividad participaron los usuarios del programa, monitores de arte y profesionales del equipo, quienes con esta muestra concluyen el ciclo de exposiciones desarrolladas tambi\u00e9n en nuestra comuna.<\/p>\n\n\n\n<p>A la jornada asisti\u00f3 el alcalde de Quirihue, Eduardo Redlich, junto a la directora regional de SENADIS \u00d1uble, Cheryl Quiroz Le\u00f3n, quienes destacaron el valor de este tipo de instancias para la inclusi\u00f3n y el desarrollo personal.<\/p>\n\n\n\n<p>Esta importante iniciativa permite a personas en situaci\u00f3n de discapacidad, cuidadores y familiares potenciar sus habilidades art\u00edsticas, acompa\u00f1ados por un equipo interdisciplinario compuesto por terapeuta ocupacional, psic\u00f3logo, kinesi\u00f3logo y otros profesionales que brindan apoyo en su proceso creativo y terap\u00e9utico.<\/p>\n","protected":false},"excerpt":{"rendered":"<p>Durante esta ma\u00f1ana se realiz\u00f3 la exposici\u00f3n del Taller de Arteterapia, iniciativa financiada a trav\u00e9s de los Fondos Concursables del Servicio Nacional de la Discapacidad (SENADIS), en la explanada del Gobierno Regional de \u00d1uble. En la actividad participaron los usuarios del programa, monitores de arte y profesionales del equipo, quienes con esta muestra concluyen el&#8230;<\/p>\n","protected":false},"author":3,"featured_media":2511,"comment_status":"closed","ping_status":"closed","sticky":false,"template":"","format":"standard","meta":{"_kadence_starter_templates_imported_post":false,"_kad_post_transparent":"","_kad_post_title":"","_kad_post_layout":"","_kad_post_sidebar_id":"","_kad_post_content_style":"","_kad_post_vertical_padding":"","_kad_post_feature":"","_kad_post_feature_position":"","_kad_post_header":false,"_kad_post_footer":false,"footnotes":""},"categories":[2],"tags":[],"class_list":["post-2509","post","type-post","status-publish","format-standard","has-post-thumbnail","hentry","category-noticias"],"_links":{"self":[{"href":"https:\/\/www.muniquirihue.cl\/2025\/wp-json\/wp\/v2\/posts\/2509","targetHints":{"allow":["GET"]}}],"collection":[{"href":"https:\/\/www.muniquirihue.cl\/2025\/wp-json\/wp\/v2\/posts"}],"about":[{"href":"https:\/\/www.muniquirihue.cl\/2025\/wp-json\/wp\/v2\/types\/post"}],"author":[{"embeddable":true,"href":"https:\/\/www.muniquirihue.cl\/2025\/wp-json\/wp\/v2\/users\/3"}],"replies":[{"embeddable":true,"href":"https:\/\/www.muniquirihue.cl\/2025\/wp-json\/wp\/v2\/comments?post=2509"}],"version-history":[{"count":1,"href":"https:\/\/www.muniquirihue.cl\/2025\/wp-json\/wp\/v2\/posts\/2509\/revisions"}],"predecessor-version":[{"id":2512,"href":"https:\/\/www.muniquirihue.cl\/2025\/wp-json\/wp\/v2\/posts\/2509\/revisions\/2512"}],"wp:featuredmedia":[{"embeddable":true,"href":"https:\/\/www.muniquirihue.cl\/2025\/wp-json\/wp\/v2\/media\/2511"}],"wp:attachment":[{"href":"https:\/\/www.muniquirihue.cl\/2025\/wp-json\/wp\/v2\/media?parent=2509"}],"wp:term":[{"taxonomy":"category","embeddable":true,"href":"https:\/\/www.muniquirihue.cl\/2025\/wp-json\/wp\/v2\/categories?post=2509"},{"taxonomy":"post_tag","embeddable":true,"href":"https:\/\/www.muniquirihue.cl\/2025\/wp-json\/wp\/v2\/tags?post=2509"}],"curies":[{"name":"wp","href":"https:\/\/api.w.org\/{rel}","templated":true}]}}