{"id":2586,"date":"2025-10-14T18:30:53","date_gmt":"2025-10-14T22:30:53","guid":{"rendered":"https:\/\/www.muniquirihue.cl\/2025\/?p=2586"},"modified":"2025-11-11T18:32:10","modified_gmt":"2025-11-11T22:32:10","slug":"quirihue-fue-sede-de-la-tercera-sesion-del-comite-tecnico-regional-de-materias-primas","status":"publish","type":"post","link":"https:\/\/www.muniquirihue.cl\/2025\/quirihue-fue-sede-de-la-tercera-sesion-del-comite-tecnico-regional-de-materias-primas\/","title":{"rendered":"Quirihue fue sede de la tercera sesi\u00f3n del Comit\u00e9 T\u00e9cnico Regional de Materias Primas"},"content":{"rendered":"\n<figure class=\"wp-block-image size-large\"><img loading=\"lazy\" decoding=\"async\" width=\"1024\" height=\"768\" src=\"https:\/\/www.muniquirihue.cl\/2025\/wp-content\/uploads\/2025\/11\/564529171_17891308965357590_7295798471866728489_n-1024x768.jpg\" alt=\"\" class=\"wp-image-2587\" srcset=\"https:\/\/www.muniquirihue.cl\/2025\/wp-content\/uploads\/2025\/11\/564529171_17891308965357590_7295798471866728489_n-1024x768.jpg 1024w, https:\/\/www.muniquirihue.cl\/2025\/wp-content\/uploads\/2025\/11\/564529171_17891308965357590_7295798471866728489_n-300x225.jpg 300w, https:\/\/www.muniquirihue.cl\/2025\/wp-content\/uploads\/2025\/11\/564529171_17891308965357590_7295798471866728489_n-768x576.jpg 768w, https:\/\/www.muniquirihue.cl\/2025\/wp-content\/uploads\/2025\/11\/564529171_17891308965357590_7295798471866728489_n.jpg 1440w\" sizes=\"auto, (max-width: 1024px) 100vw, 1024px\" \/><\/figure>\n\n\n\n<p>Durante esta jornada se desarroll\u00f3 en el Teatro Municipal de Quirihue la tercera sesi\u00f3n del Comit\u00e9 T\u00e9cnico Regional de Materias Primas, instancia que reuni\u00f3 a autoridades regionales, representantes de instituciones p\u00fablicas y agrupaciones de artesanos de toda la regi\u00f3n.<\/p>\n\n\n\n<p>La actividad cont\u00f3 con la participaci\u00f3n del alcalde de Quirihue, Eduardo Redlich Mardones, junto al Seremi de Agricultura, Antonio Arriagada; la directora regional de INDAP, Fernanda Az\u00f3car; el director regional del SAG, Osvaldo Alcayaga; el director regional de INIA, Javier Chilian; representantes del SERPAT, adem\u00e1s de artesanas locales y agrupaciones regionales.<\/p>\n\n\n\n<p>El encuentro tuvo como principal objetivo identificar las problem\u00e1ticas en la obtenci\u00f3n de materias primas utilizadas por los artesanos de \u00d1uble, destacando en el caso de nuestra comuna el trigo utilizado por chupalleros y colchanderas.<\/p>\n\n\n\n<p>Durante la jornada tambi\u00e9n se abordaron acciones conjuntas que las distintas instituciones est\u00e1n impulsando para fortalecer el acceso a materias primas, promover la producci\u00f3n local y difundir el trabajo de artesanas y artesanos de la regi\u00f3n, fortaleciendo con ello la identidad cultural y productiva del territorio.<\/p>\n\n\n\n<p>En representaci\u00f3n de nuestra comuna, participaron las colchanderas de Pachagua, quienes compartieron su experiencia y destacaron la importancia de contar con apoyo institucional para mantener viva esta valiosa tradici\u00f3n artesanal.<\/p>\n","protected":false},"excerpt":{"rendered":"<p>Durante esta jornada se desarroll\u00f3 en el Teatro Municipal de Quirihue la tercera sesi\u00f3n del Comit\u00e9 T\u00e9cnico Regional de Materias Primas, instancia que reuni\u00f3 a autoridades regionales, representantes de instituciones p\u00fablicas y agrupaciones de artesanos de toda la regi\u00f3n. La actividad cont\u00f3 con la participaci\u00f3n del alcalde de Quirihue, Eduardo Redlich Mardones, junto al Seremi&#8230;<\/p>\n","protected":false},"author":3,"featured_media":2587,"comment_status":"closed","ping_status":"closed","sticky":false,"template":"","format":"standard","meta":{"_kadence_starter_templates_imported_post":false,"_kad_post_transparent":"","_kad_post_title":"","_kad_post_layout":"","_kad_post_sidebar_id":"","_kad_post_content_style":"","_kad_post_vertical_padding":"","_kad_post_feature":"","_kad_post_feature_position":"","_kad_post_header":false,"_kad_post_footer":false,"footnotes":""},"categories":[2],"tags":[],"class_list":["post-2586","post","type-post","status-publish","format-standard","has-post-thumbnail","hentry","category-noticias"],"_links":{"self":[{"href":"https:\/\/www.muniquirihue.cl\/2025\/wp-json\/wp\/v2\/posts\/2586","targetHints":{"allow":["GET"]}}],"collection":[{"href":"https:\/\/www.muniquirihue.cl\/2025\/wp-json\/wp\/v2\/posts"}],"about":[{"href":"https:\/\/www.muniquirihue.cl\/2025\/wp-json\/wp\/v2\/types\/post"}],"author":[{"embeddable":true,"href":"https:\/\/www.muniquirihue.cl\/2025\/wp-json\/wp\/v2\/users\/3"}],"replies":[{"embeddable":true,"href":"https:\/\/www.muniquirihue.cl\/2025\/wp-json\/wp\/v2\/comments?post=2586"}],"version-history":[{"count":1,"href":"https:\/\/www.muniquirihue.cl\/2025\/wp-json\/wp\/v2\/posts\/2586\/revisions"}],"predecessor-version":[{"id":2588,"href":"https:\/\/www.muniquirihue.cl\/2025\/wp-json\/wp\/v2\/posts\/2586\/revisions\/2588"}],"wp:featuredmedia":[{"embeddable":true,"href":"https:\/\/www.muniquirihue.cl\/2025\/wp-json\/wp\/v2\/media\/2587"}],"wp:attachment":[{"href":"https:\/\/www.muniquirihue.cl\/2025\/wp-json\/wp\/v2\/media?parent=2586"}],"wp:term":[{"taxonomy":"category","embeddable":true,"href":"https:\/\/www.muniquirihue.cl\/2025\/wp-json\/wp\/v2\/categories?post=2586"},{"taxonomy":"post_tag","embeddable":true,"href":"https:\/\/www.muniquirihue.cl\/2025\/wp-json\/wp\/v2\/tags?post=2586"}],"curies":[{"name":"wp","href":"https:\/\/api.w.org\/{rel}","templated":true}]}}