{"id":2699,"date":"2025-11-20T14:51:02","date_gmt":"2025-11-20T18:51:02","guid":{"rendered":"https:\/\/www.muniquirihue.cl\/2025\/?p=2699"},"modified":"2026-01-22T14:54:08","modified_gmt":"2026-01-22T18:54:08","slug":"cierre-de-taller-arte-terapia","status":"publish","type":"post","link":"https:\/\/www.muniquirihue.cl\/2025\/cierre-de-taller-arte-terapia\/","title":{"rendered":"Cierre de Taller Arte Terapia"},"content":{"rendered":"\n<figure class=\"wp-block-image size-large\"><img loading=\"lazy\" decoding=\"async\" width=\"1024\" height=\"768\" src=\"https:\/\/www.muniquirihue.cl\/2025\/wp-content\/uploads\/2026\/01\/582953448_17895329370357590_4708178479475211054_n-1024x768.jpg\" alt=\"\" class=\"wp-image-2700\" srcset=\"https:\/\/www.muniquirihue.cl\/2025\/wp-content\/uploads\/2026\/01\/582953448_17895329370357590_4708178479475211054_n-1024x768.jpg 1024w, https:\/\/www.muniquirihue.cl\/2025\/wp-content\/uploads\/2026\/01\/582953448_17895329370357590_4708178479475211054_n-300x225.jpg 300w, https:\/\/www.muniquirihue.cl\/2025\/wp-content\/uploads\/2026\/01\/582953448_17895329370357590_4708178479475211054_n-768x576.jpg 768w, https:\/\/www.muniquirihue.cl\/2025\/wp-content\/uploads\/2026\/01\/582953448_17895329370357590_4708178479475211054_n.jpg 1440w\" sizes=\"auto, (max-width: 1024px) 100vw, 1024px\" \/><\/figure>\n\n\n\n<p>Durante esta tarde se realiz\u00f3 el hito de cierre de los Fondos Concursables de SENADIS, instancia en la que se destac\u00f3 especialmente el taller de arteterapia desarrollado en nuestra comuna, una iniciativa que ha permitido promover la inclusi\u00f3n, el desarrollo personal y la participaci\u00f3n activa de sus usuarios.<\/p>\n\n\n\n<p>Queremos expresar un reconocimiento especial a todas y todos los participantes, quienes con su compromiso, dedicaci\u00f3n y entusiasmo dieron vida a este proyecto que fortalece el bienestar y la autonom\u00eda de las personas en situaci\u00f3n de discapacidad.<\/p>\n\n\n\n<p>La actividad cont\u00f3 con la participaci\u00f3n de nuestro alcalde Eduardo Redlich, el Delegado Presidencial Provincial de Itata, Mario Cruces N\u00fa\u00f1ez, y la Directora Regional de SENADIS \u00d1uble, Cheryl Quiroz Le\u00f3n, quienes destacaron la importancia de apoyar iniciativas que promueven la inclusi\u00f3n y el acceso a nuevas oportunidades.<\/p>\n","protected":false},"excerpt":{"rendered":"<p>Durante esta tarde se realiz\u00f3 el hito de cierre de los Fondos Concursables de SENADIS, instancia en la que se destac\u00f3 especialmente el taller de arteterapia desarrollado en nuestra comuna, una iniciativa que ha permitido promover la inclusi\u00f3n, el desarrollo personal y la participaci\u00f3n activa de sus usuarios. Queremos expresar un reconocimiento especial a todas&#8230;<\/p>\n","protected":false},"author":3,"featured_media":2700,"comment_status":"closed","ping_status":"closed","sticky":false,"template":"","format":"standard","meta":{"_kadence_starter_templates_imported_post":false,"_kad_post_transparent":"","_kad_post_title":"","_kad_post_layout":"","_kad_post_sidebar_id":"","_kad_post_content_style":"","_kad_post_vertical_padding":"","_kad_post_feature":"","_kad_post_feature_position":"","_kad_post_header":false,"_kad_post_footer":false,"footnotes":""},"categories":[2],"tags":[],"class_list":["post-2699","post","type-post","status-publish","format-standard","has-post-thumbnail","hentry","category-noticias"],"_links":{"self":[{"href":"https:\/\/www.muniquirihue.cl\/2025\/wp-json\/wp\/v2\/posts\/2699","targetHints":{"allow":["GET"]}}],"collection":[{"href":"https:\/\/www.muniquirihue.cl\/2025\/wp-json\/wp\/v2\/posts"}],"about":[{"href":"https:\/\/www.muniquirihue.cl\/2025\/wp-json\/wp\/v2\/types\/post"}],"author":[{"embeddable":true,"href":"https:\/\/www.muniquirihue.cl\/2025\/wp-json\/wp\/v2\/users\/3"}],"replies":[{"embeddable":true,"href":"https:\/\/www.muniquirihue.cl\/2025\/wp-json\/wp\/v2\/comments?post=2699"}],"version-history":[{"count":1,"href":"https:\/\/www.muniquirihue.cl\/2025\/wp-json\/wp\/v2\/posts\/2699\/revisions"}],"predecessor-version":[{"id":2701,"href":"https:\/\/www.muniquirihue.cl\/2025\/wp-json\/wp\/v2\/posts\/2699\/revisions\/2701"}],"wp:featuredmedia":[{"embeddable":true,"href":"https:\/\/www.muniquirihue.cl\/2025\/wp-json\/wp\/v2\/media\/2700"}],"wp:attachment":[{"href":"https:\/\/www.muniquirihue.cl\/2025\/wp-json\/wp\/v2\/media?parent=2699"}],"wp:term":[{"taxonomy":"category","embeddable":true,"href":"https:\/\/www.muniquirihue.cl\/2025\/wp-json\/wp\/v2\/categories?post=2699"},{"taxonomy":"post_tag","embeddable":true,"href":"https:\/\/www.muniquirihue.cl\/2025\/wp-json\/wp\/v2\/tags?post=2699"}],"curies":[{"name":"wp","href":"https:\/\/api.w.org\/{rel}","templated":true}]}}