{"id":2702,"date":"2025-11-21T14:57:56","date_gmt":"2025-11-21T18:57:56","guid":{"rendered":"https:\/\/www.muniquirihue.cl\/2025\/?p=2702"},"modified":"2026-01-22T15:00:24","modified_gmt":"2026-01-22T19:00:24","slug":"licenciatura-2025-del-liceo-bicentenario-de-excelencia-carlos-montane-castro","status":"publish","type":"post","link":"https:\/\/www.muniquirihue.cl\/2025\/licenciatura-2025-del-liceo-bicentenario-de-excelencia-carlos-montane-castro\/","title":{"rendered":"Licenciatura 2025 del Liceo Bicentenario de Excelencia Carlos Montan\u00e9 Castro"},"content":{"rendered":"\n<figure class=\"wp-block-image size-large\"><img loading=\"lazy\" decoding=\"async\" width=\"1024\" height=\"683\" src=\"https:\/\/www.muniquirihue.cl\/2025\/wp-content\/uploads\/2026\/01\/IMG_6550-1024x683.jpg\" alt=\"\" class=\"wp-image-2703\" srcset=\"https:\/\/www.muniquirihue.cl\/2025\/wp-content\/uploads\/2026\/01\/IMG_6550-1024x683.jpg 1024w, https:\/\/www.muniquirihue.cl\/2025\/wp-content\/uploads\/2026\/01\/IMG_6550-300x200.jpg 300w, https:\/\/www.muniquirihue.cl\/2025\/wp-content\/uploads\/2026\/01\/IMG_6550-768x512.jpg 768w, https:\/\/www.muniquirihue.cl\/2025\/wp-content\/uploads\/2026\/01\/IMG_6550-1536x1024.jpg 1536w, https:\/\/www.muniquirihue.cl\/2025\/wp-content\/uploads\/2026\/01\/IMG_6550-2048x1365.jpg 2048w\" sizes=\"auto, (max-width: 1024px) 100vw, 1024px\" \/><\/figure>\n\n\n\n<p>Una ma\u00f1ana llena de emoci\u00f3n y significados vivieron las y los estudiantes de 4\u00b0 medio del Liceo Bicentenario de Excelencia Carlos Montan\u00e9 Castro, quienes participaron en su Ceremonia de Licenciatura 2025.<\/p>\n\n\n\n<p>En total, seis cursos correspondientes a las modalidades T\u00e9cnico-Profesional y Human\u00edstico-Cient\u00edfica recibieron su licencia de ense\u00f1anza media, marcando el cierre de una importante etapa educativa, pero no el fin de su formaci\u00f3n como personas, profesionales y ciudadanos.<\/p>\n\n\n\n<p>Durante la jornada, se entregaron reconocimientos a estudiantes destacados en diversas categor\u00edas, como Mejor Compa\u00f1ero, Liderazgo, Deportista Destacado y el reconocimiento al Estudiante Integral, que refleja los valores, virtudes y el sello formativo que el liceo entrega a su comunidad educativa.<\/p>\n\n\n\n<p>Nuestro alcalde Eduardo Redlich, junto a la directora del establecimiento, Carmen Gloria S\u00e1ez, dedicaron palabras de reconocimiento al esfuerzo, compromiso y trayectoria de las y los estudiantes. La ceremonia cont\u00f3 con la presencia de autoridades, padres, madres, apoderados e invitados especiales, quienes acompa\u00f1aron con orgullo este momento tan significativo.<\/p>\n\n\n\n<p>Felicitamos a quienes hoy cierran un cap\u00edtulo y comienzan otro lleno de oportunidades. Que cada sue\u00f1o siga creciendo y se convierta en realidad.<\/p>\n","protected":false},"excerpt":{"rendered":"<p>Una ma\u00f1ana llena de emoci\u00f3n y significados vivieron las y los estudiantes de 4\u00b0 medio del Liceo Bicentenario de Excelencia Carlos Montan\u00e9 Castro, quienes participaron en su Ceremonia de Licenciatura 2025. En total, seis cursos correspondientes a las modalidades T\u00e9cnico-Profesional y Human\u00edstico-Cient\u00edfica recibieron su licencia de ense\u00f1anza media, marcando el cierre de una importante etapa&#8230;<\/p>\n","protected":false},"author":3,"featured_media":2703,"comment_status":"closed","ping_status":"closed","sticky":false,"template":"","format":"standard","meta":{"_kadence_starter_templates_imported_post":false,"_kad_post_transparent":"","_kad_post_title":"","_kad_post_layout":"","_kad_post_sidebar_id":"","_kad_post_content_style":"","_kad_post_vertical_padding":"","_kad_post_feature":"","_kad_post_feature_position":"","_kad_post_header":false,"_kad_post_footer":false,"footnotes":""},"categories":[2],"tags":[],"class_list":["post-2702","post","type-post","status-publish","format-standard","has-post-thumbnail","hentry","category-noticias"],"_links":{"self":[{"href":"https:\/\/www.muniquirihue.cl\/2025\/wp-json\/wp\/v2\/posts\/2702","targetHints":{"allow":["GET"]}}],"collection":[{"href":"https:\/\/www.muniquirihue.cl\/2025\/wp-json\/wp\/v2\/posts"}],"about":[{"href":"https:\/\/www.muniquirihue.cl\/2025\/wp-json\/wp\/v2\/types\/post"}],"author":[{"embeddable":true,"href":"https:\/\/www.muniquirihue.cl\/2025\/wp-json\/wp\/v2\/users\/3"}],"replies":[{"embeddable":true,"href":"https:\/\/www.muniquirihue.cl\/2025\/wp-json\/wp\/v2\/comments?post=2702"}],"version-history":[{"count":1,"href":"https:\/\/www.muniquirihue.cl\/2025\/wp-json\/wp\/v2\/posts\/2702\/revisions"}],"predecessor-version":[{"id":2704,"href":"https:\/\/www.muniquirihue.cl\/2025\/wp-json\/wp\/v2\/posts\/2702\/revisions\/2704"}],"wp:featuredmedia":[{"embeddable":true,"href":"https:\/\/www.muniquirihue.cl\/2025\/wp-json\/wp\/v2\/media\/2703"}],"wp:attachment":[{"href":"https:\/\/www.muniquirihue.cl\/2025\/wp-json\/wp\/v2\/media?parent=2702"}],"wp:term":[{"taxonomy":"category","embeddable":true,"href":"https:\/\/www.muniquirihue.cl\/2025\/wp-json\/wp\/v2\/categories?post=2702"},{"taxonomy":"post_tag","embeddable":true,"href":"https:\/\/www.muniquirihue.cl\/2025\/wp-json\/wp\/v2\/tags?post=2702"}],"curies":[{"name":"wp","href":"https:\/\/api.w.org\/{rel}","templated":true}]}}