{"id":2780,"date":"2025-12-05T16:01:57","date_gmt":"2025-12-05T20:01:57","guid":{"rendered":"https:\/\/www.muniquirihue.cl\/2025\/?p=2780"},"modified":"2026-01-22T16:04:04","modified_gmt":"2026-01-22T20:04:04","slug":"ceremonia-de-ascenso-para-funcionarios-de-gendarmeria-de-nuestro-centro-de-detencion-preventiva","status":"publish","type":"post","link":"https:\/\/www.muniquirihue.cl\/2025\/ceremonia-de-ascenso-para-funcionarios-de-gendarmeria-de-nuestro-centro-de-detencion-preventiva\/","title":{"rendered":"Ceremonia de Ascenso para funcionarios de Gendarmer\u00eda de nuestro Centro de Detenci\u00f3n Preventiva"},"content":{"rendered":"\n<figure class=\"wp-block-image size-large\"><img loading=\"lazy\" decoding=\"async\" width=\"1024\" height=\"768\" src=\"https:\/\/www.muniquirihue.cl\/2025\/wp-content\/uploads\/2026\/01\/589631517_17897004582357590_8352758062005458633_n-1024x768.jpg\" alt=\"\" class=\"wp-image-2781\" srcset=\"https:\/\/www.muniquirihue.cl\/2025\/wp-content\/uploads\/2026\/01\/589631517_17897004582357590_8352758062005458633_n-1024x768.jpg 1024w, https:\/\/www.muniquirihue.cl\/2025\/wp-content\/uploads\/2026\/01\/589631517_17897004582357590_8352758062005458633_n-300x225.jpg 300w, https:\/\/www.muniquirihue.cl\/2025\/wp-content\/uploads\/2026\/01\/589631517_17897004582357590_8352758062005458633_n-768x576.jpg 768w, https:\/\/www.muniquirihue.cl\/2025\/wp-content\/uploads\/2026\/01\/589631517_17897004582357590_8352758062005458633_n.jpg 1440w\" sizes=\"auto, (max-width: 1024px) 100vw, 1024px\" \/><\/figure>\n\n\n\n<p>Durante esta tarde se realiz\u00f3 la Ceremonia de Ascenso para funcionarios de Gendarmer\u00eda de nuestro Centro de Detenci\u00f3n Preventiva. Nuestro alcalde Eduardo Redlich acompa\u00f1\u00f3 esta importante jornada, encabezada por la jefa de Zona \u00d1uble, coronel Carolina Caama\u00f1o Figueroa, y el alcaide del CDP, mayor Francisco Arias Contreras.<\/p>\n\n\n\n<p>El ascenso dentro de Gendarmer\u00eda no solo representa un nuevo grado, sino tambi\u00e9n el reconocimiento profundo a a\u00f1os de esfuerzo, vocaci\u00f3n de servicio y compromiso con la seguridad y el bienestar de toda la comunidad. Cada ascenso es un hito que refleja disciplina, sacrificio y un fuerte sentido de responsabilidad.<\/p>\n\n\n\n<p>Fue una ceremonia emotiva, donde familiares y compa\u00f1eros de trabajo celebraron juntos este logro que dignifica la labor penitenciaria y renueva el orgullo institucional. Un momento especial que destaca la enorme contribuci\u00f3n que realizan d\u00eda a d\u00eda quienes integran Gendarmer\u00eda de Chile.<\/p>\n","protected":false},"excerpt":{"rendered":"<p>Durante esta tarde se realiz\u00f3 la Ceremonia de Ascenso para funcionarios de Gendarmer\u00eda de nuestro Centro de Detenci\u00f3n Preventiva. Nuestro alcalde Eduardo Redlich acompa\u00f1\u00f3 esta importante jornada, encabezada por la jefa de Zona \u00d1uble, coronel Carolina Caama\u00f1o Figueroa, y el alcaide del CDP, mayor Francisco Arias Contreras. El ascenso dentro de Gendarmer\u00eda no solo representa&#8230;<\/p>\n","protected":false},"author":3,"featured_media":2781,"comment_status":"closed","ping_status":"closed","sticky":false,"template":"","format":"standard","meta":{"_kadence_starter_templates_imported_post":false,"_kad_post_transparent":"","_kad_post_title":"","_kad_post_layout":"","_kad_post_sidebar_id":"","_kad_post_content_style":"","_kad_post_vertical_padding":"","_kad_post_feature":"","_kad_post_feature_position":"","_kad_post_header":false,"_kad_post_footer":false,"footnotes":""},"categories":[2],"tags":[],"class_list":["post-2780","post","type-post","status-publish","format-standard","has-post-thumbnail","hentry","category-noticias"],"_links":{"self":[{"href":"https:\/\/www.muniquirihue.cl\/2025\/wp-json\/wp\/v2\/posts\/2780","targetHints":{"allow":["GET"]}}],"collection":[{"href":"https:\/\/www.muniquirihue.cl\/2025\/wp-json\/wp\/v2\/posts"}],"about":[{"href":"https:\/\/www.muniquirihue.cl\/2025\/wp-json\/wp\/v2\/types\/post"}],"author":[{"embeddable":true,"href":"https:\/\/www.muniquirihue.cl\/2025\/wp-json\/wp\/v2\/users\/3"}],"replies":[{"embeddable":true,"href":"https:\/\/www.muniquirihue.cl\/2025\/wp-json\/wp\/v2\/comments?post=2780"}],"version-history":[{"count":1,"href":"https:\/\/www.muniquirihue.cl\/2025\/wp-json\/wp\/v2\/posts\/2780\/revisions"}],"predecessor-version":[{"id":2782,"href":"https:\/\/www.muniquirihue.cl\/2025\/wp-json\/wp\/v2\/posts\/2780\/revisions\/2782"}],"wp:featuredmedia":[{"embeddable":true,"href":"https:\/\/www.muniquirihue.cl\/2025\/wp-json\/wp\/v2\/media\/2781"}],"wp:attachment":[{"href":"https:\/\/www.muniquirihue.cl\/2025\/wp-json\/wp\/v2\/media?parent=2780"}],"wp:term":[{"taxonomy":"category","embeddable":true,"href":"https:\/\/www.muniquirihue.cl\/2025\/wp-json\/wp\/v2\/categories?post=2780"},{"taxonomy":"post_tag","embeddable":true,"href":"https:\/\/www.muniquirihue.cl\/2025\/wp-json\/wp\/v2\/tags?post=2780"}],"curies":[{"name":"wp","href":"https:\/\/api.w.org\/{rel}","templated":true}]}}