{"id":2804,"date":"2025-12-10T08:44:14","date_gmt":"2025-12-10T12:44:14","guid":{"rendered":"https:\/\/www.muniquirihue.cl\/2025\/?p=2804"},"modified":"2026-01-23T08:47:37","modified_gmt":"2026-01-23T12:47:37","slug":"licenciatura-de-8vo-basico-y-kinder-de-la-escuela-el-llano","status":"publish","type":"post","link":"https:\/\/www.muniquirihue.cl\/2025\/licenciatura-de-8vo-basico-y-kinder-de-la-escuela-el-llano\/","title":{"rendered":"Licenciatura de 8vo B\u00e1sico y Kinder de la Escuela El Llano"},"content":{"rendered":"\n<figure class=\"wp-block-image size-large\"><img loading=\"lazy\" decoding=\"async\" width=\"1024\" height=\"768\" src=\"https:\/\/www.muniquirihue.cl\/2025\/wp-content\/uploads\/2026\/01\/597897240_122157879872672301_331306749895623337_n-1024x768.jpg\" alt=\"\" class=\"wp-image-2805\" srcset=\"https:\/\/www.muniquirihue.cl\/2025\/wp-content\/uploads\/2026\/01\/597897240_122157879872672301_331306749895623337_n-1024x768.jpg 1024w, https:\/\/www.muniquirihue.cl\/2025\/wp-content\/uploads\/2026\/01\/597897240_122157879872672301_331306749895623337_n-300x225.jpg 300w, https:\/\/www.muniquirihue.cl\/2025\/wp-content\/uploads\/2026\/01\/597897240_122157879872672301_331306749895623337_n-768x576.jpg 768w, https:\/\/www.muniquirihue.cl\/2025\/wp-content\/uploads\/2026\/01\/597897240_122157879872672301_331306749895623337_n-1536x1152.jpg 1536w, https:\/\/www.muniquirihue.cl\/2025\/wp-content\/uploads\/2026\/01\/597897240_122157879872672301_331306749895623337_n.jpg 2048w\" sizes=\"auto, (max-width: 1024px) 100vw, 1024px\" \/><\/figure>\n\n\n\n<p>La comunidad educativa de la Escuela El Llano vivi\u00f3 una emotiva ceremonia de licenciatura de los cursos de 8vo B\u00e1sico y Kinder, en una jornada marcada por el orgullo, las emociones y la esperanza.<\/p>\n\n\n\n<p>Se destac\u00f3 el esfuerzo de los ni\u00f1os y ni\u00f1as, el compromiso de sus familias y la gran labor de docentes y asistentes de la educaci\u00f3n, quienes han acompa\u00f1ado cada paso de este importante proceso formativo.<\/p>\n\n\n\n<p>En la actividad participaron el alcalde Eduardo Redlich Mardones y la directora del establecimiento, Carolina Valenzuela Rozas, quienes entregaron un mensaje de reconocimiento y motivaci\u00f3n, resaltando la importancia de seguir construyendo sue\u00f1os con convicci\u00f3n, responsabilidad y amor por nuestra comuna.<\/p>\n\n\n\n<p>Felicitamos a todos los estudiantes que dieron un nuevo paso en su camino educativo, Su esfuerzo y perseverancia son un ejemplo para toda nuestra comunidad.<\/p>\n","protected":false},"excerpt":{"rendered":"<p>La comunidad educativa de la Escuela El Llano vivi\u00f3 una emotiva ceremonia de licenciatura de los cursos de 8vo B\u00e1sico y Kinder, en una jornada marcada por el orgullo, las emociones y la esperanza. Se destac\u00f3 el esfuerzo de los ni\u00f1os y ni\u00f1as, el compromiso de sus familias y la gran labor de docentes y&#8230;<\/p>\n","protected":false},"author":3,"featured_media":2805,"comment_status":"closed","ping_status":"closed","sticky":false,"template":"","format":"standard","meta":{"_kadence_starter_templates_imported_post":false,"_kad_post_transparent":"","_kad_post_title":"","_kad_post_layout":"","_kad_post_sidebar_id":"","_kad_post_content_style":"","_kad_post_vertical_padding":"","_kad_post_feature":"","_kad_post_feature_position":"","_kad_post_header":false,"_kad_post_footer":false,"footnotes":""},"categories":[2],"tags":[],"class_list":["post-2804","post","type-post","status-publish","format-standard","has-post-thumbnail","hentry","category-noticias"],"_links":{"self":[{"href":"https:\/\/www.muniquirihue.cl\/2025\/wp-json\/wp\/v2\/posts\/2804","targetHints":{"allow":["GET"]}}],"collection":[{"href":"https:\/\/www.muniquirihue.cl\/2025\/wp-json\/wp\/v2\/posts"}],"about":[{"href":"https:\/\/www.muniquirihue.cl\/2025\/wp-json\/wp\/v2\/types\/post"}],"author":[{"embeddable":true,"href":"https:\/\/www.muniquirihue.cl\/2025\/wp-json\/wp\/v2\/users\/3"}],"replies":[{"embeddable":true,"href":"https:\/\/www.muniquirihue.cl\/2025\/wp-json\/wp\/v2\/comments?post=2804"}],"version-history":[{"count":1,"href":"https:\/\/www.muniquirihue.cl\/2025\/wp-json\/wp\/v2\/posts\/2804\/revisions"}],"predecessor-version":[{"id":2806,"href":"https:\/\/www.muniquirihue.cl\/2025\/wp-json\/wp\/v2\/posts\/2804\/revisions\/2806"}],"wp:featuredmedia":[{"embeddable":true,"href":"https:\/\/www.muniquirihue.cl\/2025\/wp-json\/wp\/v2\/media\/2805"}],"wp:attachment":[{"href":"https:\/\/www.muniquirihue.cl\/2025\/wp-json\/wp\/v2\/media?parent=2804"}],"wp:term":[{"taxonomy":"category","embeddable":true,"href":"https:\/\/www.muniquirihue.cl\/2025\/wp-json\/wp\/v2\/categories?post=2804"},{"taxonomy":"post_tag","embeddable":true,"href":"https:\/\/www.muniquirihue.cl\/2025\/wp-json\/wp\/v2\/tags?post=2804"}],"curies":[{"name":"wp","href":"https:\/\/api.w.org\/{rel}","templated":true}]}}