{"id":2840,"date":"2025-12-11T10:47:03","date_gmt":"2025-12-11T14:47:03","guid":{"rendered":"https:\/\/www.muniquirihue.cl\/2025\/?p=2840"},"modified":"2026-01-23T10:48:37","modified_gmt":"2026-01-23T14:48:37","slug":"consejo-consultivo-de-ninas-ninos-y-adolescente-en-navidad","status":"publish","type":"post","link":"https:\/\/www.muniquirihue.cl\/2025\/consejo-consultivo-de-ninas-ninos-y-adolescente-en-navidad\/","title":{"rendered":"Consejo Consultivo de Ni\u00f1as, Ni\u00f1os y Adolescente en Navidad"},"content":{"rendered":"\n<figure class=\"wp-block-image size-large\"><img loading=\"lazy\" decoding=\"async\" width=\"1024\" height=\"768\" src=\"https:\/\/www.muniquirihue.cl\/2025\/wp-content\/uploads\/2026\/01\/587943902_17897680926357590_6735614572001592572_n-1024x768.jpg\" alt=\"\" class=\"wp-image-2841\" srcset=\"https:\/\/www.muniquirihue.cl\/2025\/wp-content\/uploads\/2026\/01\/587943902_17897680926357590_6735614572001592572_n-1024x768.jpg 1024w, https:\/\/www.muniquirihue.cl\/2025\/wp-content\/uploads\/2026\/01\/587943902_17897680926357590_6735614572001592572_n-300x225.jpg 300w, https:\/\/www.muniquirihue.cl\/2025\/wp-content\/uploads\/2026\/01\/587943902_17897680926357590_6735614572001592572_n-768x576.jpg 768w, https:\/\/www.muniquirihue.cl\/2025\/wp-content\/uploads\/2026\/01\/587943902_17897680926357590_6735614572001592572_n.jpg 1440w\" sizes=\"auto, (max-width: 1024px) 100vw, 1024px\" \/><\/figure>\n\n\n\n<p>Durante esta tarde se realiz\u00f3 una nueva sesi\u00f3n del Consejo Consultivo de Ni\u00f1as, Ni\u00f1os y Adolescentes, liderado por la Oficina Local de la Ni\u00f1ez.<\/p>\n\n\n\n<p>En esta jornada, las y los participantes dedicaron un espacio a la reflexi\u00f3n, donde expresaron sus deseos y anhelos, para luego decorar el \u00e1rbol de Navidad con mensajes llenos de esperanza para sus pares.<\/p>\n\n\n\n<p>Tras una pausa activa, compartieron un momento especial junto a las y los profesionales de la OLN, quienes entregaron regalos y acompa\u00f1aron esta significativa instancia de encuentro y participaci\u00f3n.<\/p>\n","protected":false},"excerpt":{"rendered":"<p>Durante esta tarde se realiz\u00f3 una nueva sesi\u00f3n del Consejo Consultivo de Ni\u00f1as, Ni\u00f1os y Adolescentes, liderado por la Oficina Local de la Ni\u00f1ez. En esta jornada, las y los participantes dedicaron un espacio a la reflexi\u00f3n, donde expresaron sus deseos y anhelos, para luego decorar el \u00e1rbol de Navidad con mensajes llenos de esperanza&#8230;<\/p>\n","protected":false},"author":3,"featured_media":2841,"comment_status":"closed","ping_status":"closed","sticky":false,"template":"","format":"standard","meta":{"_kadence_starter_templates_imported_post":false,"_kad_post_transparent":"","_kad_post_title":"","_kad_post_layout":"","_kad_post_sidebar_id":"","_kad_post_content_style":"","_kad_post_vertical_padding":"","_kad_post_feature":"","_kad_post_feature_position":"","_kad_post_header":false,"_kad_post_footer":false,"footnotes":""},"categories":[2],"tags":[],"class_list":["post-2840","post","type-post","status-publish","format-standard","has-post-thumbnail","hentry","category-noticias"],"_links":{"self":[{"href":"https:\/\/www.muniquirihue.cl\/2025\/wp-json\/wp\/v2\/posts\/2840","targetHints":{"allow":["GET"]}}],"collection":[{"href":"https:\/\/www.muniquirihue.cl\/2025\/wp-json\/wp\/v2\/posts"}],"about":[{"href":"https:\/\/www.muniquirihue.cl\/2025\/wp-json\/wp\/v2\/types\/post"}],"author":[{"embeddable":true,"href":"https:\/\/www.muniquirihue.cl\/2025\/wp-json\/wp\/v2\/users\/3"}],"replies":[{"embeddable":true,"href":"https:\/\/www.muniquirihue.cl\/2025\/wp-json\/wp\/v2\/comments?post=2840"}],"version-history":[{"count":1,"href":"https:\/\/www.muniquirihue.cl\/2025\/wp-json\/wp\/v2\/posts\/2840\/revisions"}],"predecessor-version":[{"id":2842,"href":"https:\/\/www.muniquirihue.cl\/2025\/wp-json\/wp\/v2\/posts\/2840\/revisions\/2842"}],"wp:featuredmedia":[{"embeddable":true,"href":"https:\/\/www.muniquirihue.cl\/2025\/wp-json\/wp\/v2\/media\/2841"}],"wp:attachment":[{"href":"https:\/\/www.muniquirihue.cl\/2025\/wp-json\/wp\/v2\/media?parent=2840"}],"wp:term":[{"taxonomy":"category","embeddable":true,"href":"https:\/\/www.muniquirihue.cl\/2025\/wp-json\/wp\/v2\/categories?post=2840"},{"taxonomy":"post_tag","embeddable":true,"href":"https:\/\/www.muniquirihue.cl\/2025\/wp-json\/wp\/v2\/tags?post=2840"}],"curies":[{"name":"wp","href":"https:\/\/api.w.org\/{rel}","templated":true}]}}