{"id":3988,"date":"2026-08-26T17:15:24","date_gmt":"2026-08-26T21:15:24","guid":{"rendered":"https:\/\/www.muniquirihue.cl\/2025\/?p=3988"},"modified":"2026-08-31T17:16:23","modified_gmt":"2026-08-31T21:16:23","slug":"quirihue-al-regional-de-cueca-para-personas-mayores-2026","status":"publish","type":"post","link":"https:\/\/www.muniquirihue.cl\/2025\/quirihue-al-regional-de-cueca-para-personas-mayores-2026\/","title":{"rendered":"Quirihue al Regional de Cueca para Personas Mayores 2026"},"content":{"rendered":"\n<figure class=\"wp-block-image size-full\"><img loading=\"lazy\" decoding=\"async\" width=\"590\" height=\"393\" src=\"https:\/\/www.muniquirihue.cl\/2025\/wp-content\/uploads\/2026\/08\/778985507_1064141822749579_5386385561365048126_n.jpg\" alt=\"\" class=\"wp-image-3989\" srcset=\"https:\/\/www.muniquirihue.cl\/2025\/wp-content\/uploads\/2026\/08\/778985507_1064141822749579_5386385561365048126_n.jpg 590w, https:\/\/www.muniquirihue.cl\/2025\/wp-content\/uploads\/2026\/08\/778985507_1064141822749579_5386385561365048126_n-300x200.jpg 300w\" sizes=\"auto, (max-width: 590px) 100vw, 590px\" \/><\/figure>\n\n\n\n<p class=\"wp-block-paragraph\">Con un gran marco de p\u00fablico de la provincia de Itata se desarroll\u00f3 el Campeonato Provincial de Cueca para Personas Mayores 2026, organizado por la Delegaci\u00f3n Presidencial Provincial de Itata.<\/p>\n\n\n\n<p class=\"wp-block-paragraph\">Cada aplauso, cada pa\u00f1uelo al viento y cada zapateo fueron protagonistas de una jornada llena de tradici\u00f3n, emoci\u00f3n y orgullo, donde nuestras personas mayores dieron lo mejor de s\u00ed ante el jurado.<\/p>\n\n\n\n<p class=\"wp-block-paragraph\">La pareja representante de Quirihue, compuesta por Marta Roa y Domingo Gajardo, se coron\u00f3 como campeona provincial, obteniendo el honor de representar a nuestra comuna en el Campeonato Regional de Cueca para Personas Mayores, que se desarrollar\u00e1 en Chill\u00e1n.<\/p>\n\n\n\n<p class=\"wp-block-paragraph\">Desde all\u00ed buscar\u00e1n avanzar al Campeonato Nacional de Cueca para Personas Mayores, que tendr\u00e1 lugar en la comuna de Tom\u00e9.<\/p>\n\n\n\n<p class=\"wp-block-paragraph\">Todo el \u00e9xito a Marta y Domingo en este nuevo desaf\u00edo. \u00a1Que sigan dejando en alto el nombre y las tradiciones de Quirihue!<\/p>\n","protected":false},"excerpt":{"rendered":"<p>Con un gran marco de p\u00fablico de la provincia de Itata se desarroll\u00f3 el Campeonato Provincial de Cueca para Personas Mayores 2026, organizado por la Delegaci\u00f3n Presidencial Provincial de Itata. Cada aplauso, cada pa\u00f1uelo al viento y cada zapateo fueron protagonistas de una jornada llena de tradici\u00f3n, emoci\u00f3n y orgullo, donde nuestras personas mayores dieron&#8230;<\/p>\n","protected":false},"author":3,"featured_media":3989,"comment_status":"closed","ping_status":"closed","sticky":false,"template":"","format":"standard","meta":{"_kadence_starter_templates_imported_post":false,"_kad_post_transparent":"","_kad_post_title":"","_kad_post_layout":"","_kad_post_sidebar_id":"","_kad_post_content_style":"","_kad_post_vertical_padding":"","_kad_post_feature":"","_kad_post_feature_position":"","_kad_post_header":false,"_kad_post_footer":false,"footnotes":""},"categories":[2],"tags":[],"class_list":["post-3988","post","type-post","status-publish","format-standard","has-post-thumbnail","hentry","category-noticias"],"_links":{"self":[{"href":"https:\/\/www.muniquirihue.cl\/2025\/wp-json\/wp\/v2\/posts\/3988","targetHints":{"allow":["GET"]}}],"collection":[{"href":"https:\/\/www.muniquirihue.cl\/2025\/wp-json\/wp\/v2\/posts"}],"about":[{"href":"https:\/\/www.muniquirihue.cl\/2025\/wp-json\/wp\/v2\/types\/post"}],"author":[{"embeddable":true,"href":"https:\/\/www.muniquirihue.cl\/2025\/wp-json\/wp\/v2\/users\/3"}],"replies":[{"embeddable":true,"href":"https:\/\/www.muniquirihue.cl\/2025\/wp-json\/wp\/v2\/comments?post=3988"}],"version-history":[{"count":1,"href":"https:\/\/www.muniquirihue.cl\/2025\/wp-json\/wp\/v2\/posts\/3988\/revisions"}],"predecessor-version":[{"id":3990,"href":"https:\/\/www.muniquirihue.cl\/2025\/wp-json\/wp\/v2\/posts\/3988\/revisions\/3990"}],"wp:featuredmedia":[{"embeddable":true,"href":"https:\/\/www.muniquirihue.cl\/2025\/wp-json\/wp\/v2\/media\/3989"}],"wp:attachment":[{"href":"https:\/\/www.muniquirihue.cl\/2025\/wp-json\/wp\/v2\/media?parent=3988"}],"wp:term":[{"taxonomy":"category","embeddable":true,"href":"https:\/\/www.muniquirihue.cl\/2025\/wp-json\/wp\/v2\/categories?post=3988"},{"taxonomy":"post_tag","embeddable":true,"href":"https:\/\/www.muniquirihue.cl\/2025\/wp-json\/wp\/v2\/tags?post=3988"}],"curies":[{"name":"wp","href":"https:\/\/api.w.org\/{rel}","templated":true}]}}