{"id":410,"date":"2025-01-06T22:35:37","date_gmt":"2025-01-07T02:35:37","guid":{"rendered":"https:\/\/www.muniquirihue.cl\/2025\/?p=410"},"modified":"2025-01-06T22:35:37","modified_gmt":"2025-01-07T02:35:37","slug":"invitacion-al-campeonato-de-babyfutbol-por-el-276-aniversario-de-quirihue","status":"publish","type":"post","link":"https:\/\/www.muniquirihue.cl\/2025\/invitacion-al-campeonato-de-babyfutbol-por-el-276-aniversario-de-quirihue\/","title":{"rendered":"\u00a1Invitaci\u00f3n al Campeonato de Babyf\u00fatbol por el 276\u00b0 Aniversario de Quirihue!"},"content":{"rendered":"\n<p>La Ilustre Municipalidad de Quirihue invita a toda la comunidad a ser parte del inicio del Campeonato de Babyf\u00fatbol, organizado en el marco de la celebraci\u00f3n de los 276 a\u00f1os de nuestra ciudad.<\/p>\n\n\n\n<p><img loading=\"lazy\" decoding=\"async\" src=\"https:\/\/static.xx.fbcdn.net\/images\/emoji.php\/v9\/t7e\/1\/16\/1f4c5.png\" alt=\"?\" width=\"16\" height=\"16\">&nbsp;Cu\u00e1ndo:<\/p>\n\n\n\n<p>Desde el lunes 6 de enero a las 20:00 horas<\/p>\n\n\n\n<p><img loading=\"lazy\" decoding=\"async\" src=\"https:\/\/static.xx.fbcdn.net\/images\/emoji.php\/v9\/t2d\/1\/16\/1f4cd.png\" alt=\"?\" width=\"16\" height=\"16\">&nbsp;D\u00f3nde:<\/p>\n\n\n\n<p>\u2013 Gimnasio Municipal Tomas Irribarra de la Torre.<\/p>\n\n\n\n<p>\u2013 Gimnasio del Liceo Bicentenario de Excelencia Carlos Montan\u00e9 Castro.<\/p>\n\n\n\n<p><img loading=\"lazy\" decoding=\"async\" src=\"https:\/\/static.xx.fbcdn.net\/images\/emoji.php\/v9\/t8c\/1\/16\/1f389.png\" alt=\"?\" width=\"16\" height=\"16\">&nbsp;Te invitamos a acercarte a los recintos deportivos y apoyar a tus amigos y vecinos en esta emocionante actividad. \u00a1Ven con tu familia y disfruta de un ambiente entretenido, respetuoso y lleno de camarader\u00eda deportiva!<\/p>\n\n\n\n<p>Ilustre Municipalidad de Quirihue<\/p>\n\n\n\n<p>Conectando nuestra historia a trav\u00e9s del deporte.<\/p>\n","protected":false},"excerpt":{"rendered":"<p>La Ilustre Municipalidad de Quirihue invita a toda la comunidad a ser parte del inicio del Campeonato de Babyf\u00fatbol, organizado en el marco de la celebraci\u00f3n de los 276 a\u00f1os de nuestra ciudad. &nbsp;Cu\u00e1ndo: Desde el lunes 6 de enero a las 20:00 horas &nbsp;D\u00f3nde: \u2013 Gimnasio Municipal Tomas Irribarra de la Torre. \u2013 Gimnasio&#8230;<\/p>\n","protected":false},"author":1,"featured_media":415,"comment_status":"closed","ping_status":"","sticky":false,"template":"","format":"standard","meta":{"_kadence_starter_templates_imported_post":false,"_kad_post_transparent":"","_kad_post_title":"","_kad_post_layout":"","_kad_post_sidebar_id":"","_kad_post_content_style":"","_kad_post_vertical_padding":"","_kad_post_feature":"","_kad_post_feature_position":"","_kad_post_header":false,"_kad_post_footer":false,"footnotes":""},"categories":[2],"tags":[],"class_list":["post-410","post","type-post","status-publish","format-standard","has-post-thumbnail","hentry","category-noticias"],"_links":{"self":[{"href":"https:\/\/www.muniquirihue.cl\/2025\/wp-json\/wp\/v2\/posts\/410","targetHints":{"allow":["GET"]}}],"collection":[{"href":"https:\/\/www.muniquirihue.cl\/2025\/wp-json\/wp\/v2\/posts"}],"about":[{"href":"https:\/\/www.muniquirihue.cl\/2025\/wp-json\/wp\/v2\/types\/post"}],"author":[{"embeddable":true,"href":"https:\/\/www.muniquirihue.cl\/2025\/wp-json\/wp\/v2\/users\/1"}],"replies":[{"embeddable":true,"href":"https:\/\/www.muniquirihue.cl\/2025\/wp-json\/wp\/v2\/comments?post=410"}],"version-history":[{"count":1,"href":"https:\/\/www.muniquirihue.cl\/2025\/wp-json\/wp\/v2\/posts\/410\/revisions"}],"predecessor-version":[{"id":418,"href":"https:\/\/www.muniquirihue.cl\/2025\/wp-json\/wp\/v2\/posts\/410\/revisions\/418"}],"wp:featuredmedia":[{"embeddable":true,"href":"https:\/\/www.muniquirihue.cl\/2025\/wp-json\/wp\/v2\/media\/415"}],"wp:attachment":[{"href":"https:\/\/www.muniquirihue.cl\/2025\/wp-json\/wp\/v2\/media?parent=410"}],"wp:term":[{"taxonomy":"category","embeddable":true,"href":"https:\/\/www.muniquirihue.cl\/2025\/wp-json\/wp\/v2\/categories?post=410"},{"taxonomy":"post_tag","embeddable":true,"href":"https:\/\/www.muniquirihue.cl\/2025\/wp-json\/wp\/v2\/tags?post=410"}],"curies":[{"name":"wp","href":"https:\/\/api.w.org\/{rel}","templated":true}]}}