{"id":432,"date":"2025-01-06T22:46:42","date_gmt":"2025-01-07T02:46:42","guid":{"rendered":"https:\/\/www.muniquirihue.cl\/2025\/?p=432"},"modified":"2025-01-06T22:46:42","modified_gmt":"2025-01-07T02:46:42","slug":"reinauguracion-de-las-plazas-de-agua-primera-actividad-del-aniversario-276-de-quirihue","status":"publish","type":"post","link":"https:\/\/www.muniquirihue.cl\/2025\/reinauguracion-de-las-plazas-de-agua-primera-actividad-del-aniversario-276-de-quirihue\/","title":{"rendered":"REINAUGURACI\u00d3N DE LAS PLAZAS DE AGUA: PRIMERA ACTIVIDAD DEL ANIVERSARIO 276\u00b0 DE QUIRIHUE"},"content":{"rendered":"\n<p>Durante la tarde del d\u00eda de ayer, se llev\u00f3 a cabo la reinauguraci\u00f3n de las Plazas de Agua, marcando el inicio de las celebraciones por el 276\u00b0 aniversario de nuestra ciudad. Las actividades se realizaron en Villa Los Presidentes 2 y Villa Las Amapolas, con una gran asistencia de vecinos y vecinas.<\/p>\n\n\n\n<p>La actividad fue liderada por el alcalde Eduardo Redlich Mardones, junto a los concejales Israel Parra Hern\u00e1ndez, Mar\u00eda Placencia y Ram\u00f3n Orellana. Tambi\u00e9n contamos con la presencia de autoridades regionales, como el Director Regional de Subdere, Eric B\u00fchring Chand\u00eda, y la Senadora por \u00d1uble, Loreto Carvajal, quienes se sumaron a esta instancia llena de alegr\u00eda y diversi\u00f3n.<\/p>\n\n\n\n<p>Este evento fue especialmente significativo para los ni\u00f1os y ni\u00f1as de estos sectores, quienes, junto a sus padres y vecinos, disfrutaron de un espacio renovado pensado para el disfrute y recreaci\u00f3n de toda la comunidad.<\/p>\n\n\n\n<p>Los invitamos a seguir nuestras plataformas oficiales y mantenerse informados sobre las pr\u00f3ximas actividades que hemos preparado para celebrar este 276\u00b0 aniversario de Quirihue.<\/p>\n\n\n\n<p>Ilustre Municipalidad de Quirihue<\/p>\n\n\n\n<p>Celebrando nuestra historia y construyendo comunidad.<\/p>\n","protected":false},"excerpt":{"rendered":"<p>Durante la tarde del d\u00eda de ayer, se llev\u00f3 a cabo la reinauguraci\u00f3n de las Plazas de Agua, marcando el inicio de las celebraciones por el 276\u00b0 aniversario de nuestra ciudad. Las actividades se realizaron en Villa Los Presidentes 2 y Villa Las Amapolas, con una gran asistencia de vecinos y vecinas. La actividad fue&#8230;<\/p>\n","protected":false},"author":1,"featured_media":412,"comment_status":"closed","ping_status":"","sticky":false,"template":"","format":"standard","meta":{"_kadence_starter_templates_imported_post":false,"_kad_post_transparent":"","_kad_post_title":"","_kad_post_layout":"","_kad_post_sidebar_id":"","_kad_post_content_style":"","_kad_post_vertical_padding":"","_kad_post_feature":"","_kad_post_feature_position":"","_kad_post_header":false,"_kad_post_footer":false,"footnotes":""},"categories":[2],"tags":[],"class_list":["post-432","post","type-post","status-publish","format-standard","has-post-thumbnail","hentry","category-noticias"],"_links":{"self":[{"href":"https:\/\/www.muniquirihue.cl\/2025\/wp-json\/wp\/v2\/posts\/432","targetHints":{"allow":["GET"]}}],"collection":[{"href":"https:\/\/www.muniquirihue.cl\/2025\/wp-json\/wp\/v2\/posts"}],"about":[{"href":"https:\/\/www.muniquirihue.cl\/2025\/wp-json\/wp\/v2\/types\/post"}],"author":[{"embeddable":true,"href":"https:\/\/www.muniquirihue.cl\/2025\/wp-json\/wp\/v2\/users\/1"}],"replies":[{"embeddable":true,"href":"https:\/\/www.muniquirihue.cl\/2025\/wp-json\/wp\/v2\/comments?post=432"}],"version-history":[{"count":1,"href":"https:\/\/www.muniquirihue.cl\/2025\/wp-json\/wp\/v2\/posts\/432\/revisions"}],"predecessor-version":[{"id":433,"href":"https:\/\/www.muniquirihue.cl\/2025\/wp-json\/wp\/v2\/posts\/432\/revisions\/433"}],"wp:featuredmedia":[{"embeddable":true,"href":"https:\/\/www.muniquirihue.cl\/2025\/wp-json\/wp\/v2\/media\/412"}],"wp:attachment":[{"href":"https:\/\/www.muniquirihue.cl\/2025\/wp-json\/wp\/v2\/media?parent=432"}],"wp:term":[{"taxonomy":"category","embeddable":true,"href":"https:\/\/www.muniquirihue.cl\/2025\/wp-json\/wp\/v2\/categories?post=432"},{"taxonomy":"post_tag","embeddable":true,"href":"https:\/\/www.muniquirihue.cl\/2025\/wp-json\/wp\/v2\/tags?post=432"}],"curies":[{"name":"wp","href":"https:\/\/api.w.org\/{rel}","templated":true}]}}