{"id":863,"date":"2025-01-22T12:43:08","date_gmt":"2025-01-22T16:43:08","guid":{"rendered":"https:\/\/www.muniquirihue.cl\/2025\/?p=863"},"modified":"2025-01-22T12:43:09","modified_gmt":"2025-01-22T16:43:09","slug":"invitacion-a-la-gran-cabalgata-aniversario-276-de-quirihue","status":"publish","type":"post","link":"https:\/\/www.muniquirihue.cl\/2025\/invitacion-a-la-gran-cabalgata-aniversario-276-de-quirihue\/","title":{"rendered":"Invitaci\u00f3n a la Gran Cabalgata Aniversario 276 de Quirihue"},"content":{"rendered":"\n<figure class=\"wp-block-image size-large\"><img loading=\"lazy\" decoding=\"async\" width=\"1024\" height=\"1024\" src=\"https:\/\/www.muniquirihue.cl\/2025\/wp-content\/uploads\/2025\/01\/Orange-White-Scrapbook-Party-Event-Instagram-Post_resized_resized_resized-1024x1024.png\" alt=\"\" class=\"wp-image-864\" srcset=\"https:\/\/www.muniquirihue.cl\/2025\/wp-content\/uploads\/2025\/01\/Orange-White-Scrapbook-Party-Event-Instagram-Post_resized_resized_resized-1024x1024.png 1024w, https:\/\/www.muniquirihue.cl\/2025\/wp-content\/uploads\/2025\/01\/Orange-White-Scrapbook-Party-Event-Instagram-Post_resized_resized_resized-300x300.png 300w, https:\/\/www.muniquirihue.cl\/2025\/wp-content\/uploads\/2025\/01\/Orange-White-Scrapbook-Party-Event-Instagram-Post_resized_resized_resized-150x150.png 150w, https:\/\/www.muniquirihue.cl\/2025\/wp-content\/uploads\/2025\/01\/Orange-White-Scrapbook-Party-Event-Instagram-Post_resized_resized_resized-768x768.png 768w, https:\/\/www.muniquirihue.cl\/2025\/wp-content\/uploads\/2025\/01\/Orange-White-Scrapbook-Party-Event-Instagram-Post_resized_resized_resized.png 1100w\" sizes=\"auto, (max-width: 1024px) 100vw, 1024px\" \/><\/figure>\n\n\n\n<p>La Ilustre Municipalidad de Quirihue y el Honorable Concejo Municipal tienen el agrado de invitarlos a participar en la Gran Cabalgata Aniversario con motivo de los 276 a\u00f1os de nuestra ciudad.<\/p>\n\n\n\n<p>Esta actividad tradicional se llevar\u00e1 a cabo el pr\u00f3ximo domingo 26 de enero, iniciando a las 08:00 horas desde el Balneario Calqu\u00edn. El recorrido continuar\u00e1 hacia &#8220;La Carreta&#8221;, pasando por el Fundo Qui\u00f1icaben y regresando al <a><\/a>Balneario Calqu\u00edn.<\/p>\n\n\n\n<p>Como parte de la jornada, ofreceremos un desayuno y un almuerzo de camarader\u00eda a todos los asistentes, adem\u00e1s de disfrutar de m\u00fasica en vivo para animar este d\u00eda especial.<\/p>\n\n\n\n<p>Les invitamos a ser parte de esta hermosa tradici\u00f3n que enaltece nuestras ra\u00edces y fortalece los lazos comunitarios.<\/p>\n\n\n\n<p>\u00a1Los esperamos con entusiasmo para juntos mantener vivas nuestras tradiciones!<\/p>\n\n\n\n<p><a href=\"https:\/\/www.facebook.com\/hashtag\/quirihue276a%C3%B1os?__eep__=6&amp;__cft__[0]=AZV7JvftgWMmceMhF6LXw4xpD2NZqIoSwxKGxfCFueK4FTfmJJxfLOHHnIkhItjAbbilRijgMfIkjnrSlmbdS-oK0WYWh5A9gQ0nVB3sDId5C6Kqq27vU9BFKTX8_NHSmhfOSo9--cz_-JqKZN4bTP7HztDd9OuEfx8gb1bRaQLB5E9sKm-dwL8_AzzFXuYSuDA&amp;__tn__=*NK-R\">#Quirihue276A\u00f1os<\/a><\/p>\n\n\n\n<p><a href=\"https:\/\/www.facebook.com\/hashtag\/tradicionesvivas?__eep__=6&amp;__cft__[0]=AZV7JvftgWMmceMhF6LXw4xpD2NZqIoSwxKGxfCFueK4FTfmJJxfLOHHnIkhItjAbbilRijgMfIkjnrSlmbdS-oK0WYWh5A9gQ0nVB3sDId5C6Kqq27vU9BFKTX8_NHSmhfOSo9--cz_-JqKZN4bTP7HztDd9OuEfx8gb1bRaQLB5E9sKm-dwL8_AzzFXuYSuDA&amp;__tn__=*NK-R\">#TradicionesVivas<\/a><\/p>\n\n\n\n<p><a href=\"https:\/\/www.facebook.com\/hashtag\/cabalgataaniversario?__eep__=6&amp;__cft__[0]=AZV7JvftgWMmceMhF6LXw4xpD2NZqIoSwxKGxfCFueK4FTfmJJxfLOHHnIkhItjAbbilRijgMfIkjnrSlmbdS-oK0WYWh5A9gQ0nVB3sDId5C6Kqq27vU9BFKTX8_NHSmhfOSo9--cz_-JqKZN4bTP7HztDd9OuEfx8gb1bRaQLB5E9sKm-dwL8_AzzFXuYSuDA&amp;__tn__=*NK-R\">#CabalgataAniversario<\/a><\/p>\n","protected":false},"excerpt":{"rendered":"<p>La Ilustre Municipalidad de Quirihue y el Honorable Concejo Municipal tienen el agrado de invitarlos a participar en la Gran Cabalgata Aniversario con motivo de los 276 a\u00f1os de nuestra ciudad. Esta actividad tradicional se llevar\u00e1 a cabo el pr\u00f3ximo domingo 26 de enero, iniciando a las 08:00 horas desde el Balneario Calqu\u00edn. El recorrido&#8230;<\/p>\n","protected":false},"author":3,"featured_media":864,"comment_status":"closed","ping_status":"closed","sticky":false,"template":"","format":"standard","meta":{"_kadence_starter_templates_imported_post":false,"_kad_post_transparent":"","_kad_post_title":"","_kad_post_layout":"","_kad_post_sidebar_id":"","_kad_post_content_style":"","_kad_post_vertical_padding":"","_kad_post_feature":"","_kad_post_feature_position":"","_kad_post_header":false,"_kad_post_footer":false,"footnotes":""},"categories":[2],"tags":[],"class_list":["post-863","post","type-post","status-publish","format-standard","has-post-thumbnail","hentry","category-noticias"],"_links":{"self":[{"href":"https:\/\/www.muniquirihue.cl\/2025\/wp-json\/wp\/v2\/posts\/863","targetHints":{"allow":["GET"]}}],"collection":[{"href":"https:\/\/www.muniquirihue.cl\/2025\/wp-json\/wp\/v2\/posts"}],"about":[{"href":"https:\/\/www.muniquirihue.cl\/2025\/wp-json\/wp\/v2\/types\/post"}],"author":[{"embeddable":true,"href":"https:\/\/www.muniquirihue.cl\/2025\/wp-json\/wp\/v2\/users\/3"}],"replies":[{"embeddable":true,"href":"https:\/\/www.muniquirihue.cl\/2025\/wp-json\/wp\/v2\/comments?post=863"}],"version-history":[{"count":1,"href":"https:\/\/www.muniquirihue.cl\/2025\/wp-json\/wp\/v2\/posts\/863\/revisions"}],"predecessor-version":[{"id":865,"href":"https:\/\/www.muniquirihue.cl\/2025\/wp-json\/wp\/v2\/posts\/863\/revisions\/865"}],"wp:featuredmedia":[{"embeddable":true,"href":"https:\/\/www.muniquirihue.cl\/2025\/wp-json\/wp\/v2\/media\/864"}],"wp:attachment":[{"href":"https:\/\/www.muniquirihue.cl\/2025\/wp-json\/wp\/v2\/media?parent=863"}],"wp:term":[{"taxonomy":"category","embeddable":true,"href":"https:\/\/www.muniquirihue.cl\/2025\/wp-json\/wp\/v2\/categories?post=863"},{"taxonomy":"post_tag","embeddable":true,"href":"https:\/\/www.muniquirihue.cl\/2025\/wp-json\/wp\/v2\/tags?post=863"}],"curies":[{"name":"wp","href":"https:\/\/api.w.org\/{rel}","templated":true}]}}